{"id":90975,"date":"2017-05-22T09:16:22","date_gmt":"2017-05-22T12:16:22","guid":{"rendered":"http:\/\/prensa.mendoza.gov.ar\/?p=90975"},"modified":"2017-05-22T09:16:22","modified_gmt":"2017-05-22T12:16:22","slug":"cooperativas-informo-sobre-financiamiento-para-viviendas","status":"publish","type":"post","link":"https:\/\/www.mendoza.gov.ar\/prensa\/cooperativas-informo-sobre-financiamiento-para-viviendas\/","title":{"rendered":"Cooperativas inform\u00f3 sobre financiamiento para viviendas"},"content":{"rendered":"<!DOCTYPE html PUBLIC \"-\/\/W3C\/\/DTD HTML 4.0 Transitional\/\/EN\" \"http:\/\/www.w3.org\/TR\/REC-html40\/loose.dtd\">\n<html><body><div id=\"m_2699345634582171559yiv2972027102\">La Direcci&oacute;n de Asociativismo y Cooperativas present&oacute; esta semana nuevas l&iacute;neas de cr&eacute;ditos hipotecarios destinadas a entidades intermedias y a personas individuales. &ldquo;Estas herramientas financieras son de sumo inter&eacute;s para todas aquellas entidades, sean cooperativas o mutuales, que realicen operatorias de vivienda en Mendoza&rdquo;, coment&oacute; el director Gustavo Calle.<\/div>\n<div id=\"m_2699345634582171559yui_3_16_0_ym19_1_1495452415872_11564\" class=\"m_2699345634582171559.yiv2972027102yahoo_quoted\">\n<div id=\"m_2699345634582171559yiv2972027102yui_3_16_0_ym19_1_1495192713427_189662\">\n<div id=\"m_2699345634582171559yiv2972027102yui_3_16_0_ym19_1_1495192713427_189661\">\n<div id=\"m_2699345634582171559yiv2972027102yui_3_16_0_ym19_1_1495192713427_189664\" class=\"m_2699345634582171559yiv2972027102y_msg_container\">\n<div id=\"m_2699345634582171559yiv2972027102yui_3_16_0_ym19_1_1495192713427_189867\" dir=\"ltr\"><\/div>\n<div id=\"m_2699345634582171559yiv2972027102yui_3_16_0_ym19_1_1495192713427_189738\" dir=\"ltr\">El objetivo de la reuni&oacute;n con m&aacute;s de 150 personas, entre las que hab&iacute;a representantes de cooperativas y mutuales de viviendas, fue dar a conocer las herramientas de financiamiento a las que pueden acceder para comenzar con operatorias de construcci&oacute;n y la vinculaci&oacute;n con el Instituto Provincial de la Vivienda (IPV) y el Banco Naci&oacute;n.<\/div>\n<div id=\"m_2699345634582171559yiv2972027102yui_3_16_0_ym19_1_1495192713427_189865\" dir=\"ltr\"><\/div>\n<div id=\"m_2699345634582171559yiv2972027102yui_3_16_0_ym19_1_1495192713427_189682\" dir=\"ltr\">La cita fue en el Sal&oacute;n del Instituto Movilizador de Fondos Cooperativos y las presentaciones estuvieron a cargo de Fernando Ludue&ntilde;a y Jaime Grimalt, del IPV; Luis Riveros, del Banco Naci&oacute;n; Ra&uacute;l L&oacute;pez, de la Federaci&oacute;n de Cooperativa de Vivienda, y Gustavo Calle.<\/div>\n<div id=\"m_2699345634582171559yiv2972027102yui_3_16_0_ym19_1_1495192713427_189682\" dir=\"ltr\"><\/div>\n<div id=\"m_2699345634582171559yiv2972027102yui_3_16_0_ym19_1_1495192713427_189734\" dir=\"ltr\">Quienes deseen m&aacute;s informaci&oacute;n sobre las actividades y herramientas para cooperativas y mutuales de Mendoza pueden acercarse a la direcci&oacute;n, ubicada en la Galer&iacute;a Piazza, San Mart&iacute;n 1027, Ciudad, o comunicarse al tel&eacute;fono 0261 4235434.<\/div>\n<div dir=\"ltr\"><\/div>\n<div dir=\"ltr\"><a href=\"https:\/\/www.mendoza.gov.ar\/prensa\/wp-content\/uploads\/sites\/23\/IMG-20170518-WA0020.jpg\"><img loading=\"lazy\" class=\"alignnone  wp-image-90976 img-responsive center-block\" src=\"https:\/\/www.mendoza.gov.ar\/prensa\/wp-content\/uploads\/sites\/23\/IMG-20170518-WA0020.jpg\" alt=\"\" width=\"714\" height=\"401\"><\/a><\/div>\n<\/div>\n<\/div>\n<\/div>\n<\/div>\n<\/body><\/html>\n","protected":false},"excerpt":{"rendered":"La charla estuvo dirigida a cooperativas y mutuales de vivienda. Se detallaron l\u00edneas de cr\u00e9dito del Instituto Provincial de la Vivienda (IPV) y el Banco Naci\u00f3n.","protected":false},"author":2,"featured_media":90977,"comment_status":"open","ping_status":"open","sticky":false,"template":"","format":"standard","meta":[],"categories":[1],"tags":[],"_links":{"self":[{"href":"https:\/\/www.mendoza.gov.ar\/prensa\/wp-json\/wp\/v2\/posts\/90975"}],"collection":[{"href":"https:\/\/www.mendoza.gov.ar\/prensa\/wp-json\/wp\/v2\/posts"}],"about":[{"href":"https:\/\/www.mendoza.gov.ar\/prensa\/wp-json\/wp\/v2\/types\/post"}],"author":[{"embeddable":true,"href":"https:\/\/www.mendoza.gov.ar\/prensa\/wp-json\/wp\/v2\/users\/2"}],"replies":[{"embeddable":true,"href":"https:\/\/www.mendoza.gov.ar\/prensa\/wp-json\/wp\/v2\/comments?post=90975"}],"version-history":[{"count":0,"href":"https:\/\/www.mendoza.gov.ar\/prensa\/wp-json\/wp\/v2\/posts\/90975\/revisions"}],"wp:featuredmedia":[{"embeddable":true,"href":"https:\/\/www.mendoza.gov.ar\/prensa\/wp-json\/wp\/v2\/media\/90977"}],"wp:attachment":[{"href":"https:\/\/www.mendoza.gov.ar\/prensa\/wp-json\/wp\/v2\/media?parent=90975"}],"wp:term":[{"taxonomy":"category","embeddable":true,"href":"https:\/\/www.mendoza.gov.ar\/prensa\/wp-json\/wp\/v2\/categories?post=90975"},{"taxonomy":"post_tag","embeddable":true,"href":"https:\/\/www.mendoza.gov.ar\/prensa\/wp-json\/wp\/v2\/tags?post=90975"}],"curies":[{"name":"wp","href":"https:\/\/api.w.org\/{rel}","templated":true}]}}