{"id":91079,"date":"2017-05-22T19:31:47","date_gmt":"2017-05-22T22:31:47","guid":{"rendered":"http:\/\/prensa.mendoza.gov.ar\/?p=91079"},"modified":"2017-05-22T19:31:47","modified_gmt":"2017-05-22T22:31:47","slug":"tiroides-el-50-de-la-poblacion-presenta-nodulos","status":"publish","type":"post","link":"https:\/\/www.mendoza.gov.ar\/prensa\/tiroides-el-50-de-la-poblacion-presenta-nodulos\/","title":{"rendered":"Tiroides: el 50% de la poblaci\u00f3n tiene n\u00f3dulos"},"content":{"rendered":"<!DOCTYPE html PUBLIC \"-\/\/W3C\/\/DTD HTML 4.0 Transitional\/\/EN\" \"http:\/\/www.w3.org\/TR\/REC-html40\/loose.dtd\">\n<html><body><p>Como el &nbsp;25 de mayo es el D&iacute;a Mundial de la Tiroides, este mi&eacute;rcoles, desde las 10, los&nbsp;servicios de Enfermedades Endocrino-Metab&oacute;licas e Im&aacute;genes del Hospital del Carmen llevar&aacute;n a cabo una serie de actividades informativas sobre la tiroides. Ser&aacute; en el hall central de este centro de atenci&oacute;n e internaci&oacute;n de adultos de la Obra Social de Empleados P&uacute;blicos (OSEP).<\/p>\n<p>Los afiliados acceder&aacute;n a respuestas inmediatas sobre esta enfermedad. All&iacute;, profesionales de la obra social realizar&aacute;n palpado de la gl&aacute;ndula en busca de posibles n&oacute;dulos. En aquellos casos en que el examen se presente como &ldquo;dudoso&rdquo;, se efectuar&aacute;n los estudios de im&aacute;genes pertinentes.<\/p>\n<p>La tiroides es una gl&aacute;ndula ubicada en el cuello, por debajo de la nuez de Ad&aacute;n. Produce hormonas que regulan numerosas funciones de nuestro cuerpo, desde la velocidad del pensamiento o los latidos del coraz&oacute;n hasta la capacidad reproductiva. En los primeros a&ntilde;os de vida, es fundamental para el desarrollo neurol&oacute;gico.<\/p>\n<p><strong>Hipotiroidismo<\/strong><\/p>\n<p>Se produce porque la gl&aacute;ndula tiroides disminuye su producci&oacute;n de hormonas. Provoca decaimiento, sue&ntilde;o, fatiga, sobrepeso, mala memoria, fr&iacute;o, estre&ntilde;imiento&nbsp;y piel seca, entre otros trastornos.<\/p>\n<p>Si no se trata, puede provocar obesidad, dolor articular, esterilidad y enfermedades card&iacute;acas.<\/p>\n<p><strong>Hipertiroidismo<\/strong><\/p>\n<p>Se da cuando la tiroides est&aacute; demasiado activa y produce m&aacute;s hormonas de las que el cuerpo necesita. Puede ocasionar irritabilidad, insomnio, nerviosismo, temblor e intolerancia al calor. La enfermedad de Grave, un trastorno autoinmune, es la causa m&aacute;s com&uacute;n. Otras son: n&oacute;dulos tiroideos, tiroiditis, consumo excesivo de yodo y tomar demasiada hormona tiroidea sint&eacute;tica.<\/p>\n<p><strong>Bocio<\/strong><strong><br>\n<\/strong><\/p>\n<p>Es el aumento del tama&ntilde;o de la gl&aacute;ndula tiroides, que puede causar que el cuello aparezca agrandado. La deficiencia de yodo es la causa m&aacute;s com&uacute;n, porque el cuerpo lo necesita para producir hormona tiroidea.<\/p>\n<p><strong>N&oacute;dulo<\/strong><\/p>\n<p>El 50% de la poblaci&oacute;n presenta n&oacute;dulos en la tiroides. Es el especialista quien define si hace falta estudiarlo.<\/p>\n<p>En la gestaci&oacute;n resulta imprescindible el control de la tiroides, porque es la que participa en el desarrollo neurol&oacute;gico del beb&eacute;.<\/p>\n<p>Los s&iacute;ntomas de hipertiroidismo e hipotiroidismo pueden confundirse con otros problemas de salud o a veces ser tan leves, que no se manifiestan. Es importante, ante la presencia de cualquier cambio, consultar al m&eacute;dico de cabecera o endocrin&oacute;logo, que es el especialista en hormonas. M&aacute;s informaci&oacute;n, en el Servicio de Enfermedades Endocrino-Metab&oacute;licas, Hospital del Carmen, turnos al 0810 810 1033.<\/p>\n<\/body><\/html>\n","protected":false},"excerpt":{"rendered":"En el Hospital del Carmen de OSEP habr\u00e1 actividades de concientizaci\u00f3n. Los afiliados acceder\u00e1n a respuestas inmediatas sobre esta enfermedad. Los profesionales har\u00e1n palpado de la gl\u00e1ndula en busca de posibles n\u00f3dulos.","protected":false},"author":2,"featured_media":91084,"comment_status":"open","ping_status":"open","sticky":false,"template":"","format":"standard","meta":[],"categories":[30],"tags":[],"_links":{"self":[{"href":"https:\/\/www.mendoza.gov.ar\/prensa\/wp-json\/wp\/v2\/posts\/91079"}],"collection":[{"href":"https:\/\/www.mendoza.gov.ar\/prensa\/wp-json\/wp\/v2\/posts"}],"about":[{"href":"https:\/\/www.mendoza.gov.ar\/prensa\/wp-json\/wp\/v2\/types\/post"}],"author":[{"embeddable":true,"href":"https:\/\/www.mendoza.gov.ar\/prensa\/wp-json\/wp\/v2\/users\/2"}],"replies":[{"embeddable":true,"href":"https:\/\/www.mendoza.gov.ar\/prensa\/wp-json\/wp\/v2\/comments?post=91079"}],"version-history":[{"count":0,"href":"https:\/\/www.mendoza.gov.ar\/prensa\/wp-json\/wp\/v2\/posts\/91079\/revisions"}],"wp:featuredmedia":[{"embeddable":true,"href":"https:\/\/www.mendoza.gov.ar\/prensa\/wp-json\/wp\/v2\/media\/91084"}],"wp:attachment":[{"href":"https:\/\/www.mendoza.gov.ar\/prensa\/wp-json\/wp\/v2\/media?parent=91079"}],"wp:term":[{"taxonomy":"category","embeddable":true,"href":"https:\/\/www.mendoza.gov.ar\/prensa\/wp-json\/wp\/v2\/categories?post=91079"},{"taxonomy":"post_tag","embeddable":true,"href":"https:\/\/www.mendoza.gov.ar\/prensa\/wp-json\/wp\/v2\/tags?post=91079"}],"curies":[{"name":"wp","href":"https:\/\/api.w.org\/{rel}","templated":true}]}}