{"id":91119,"date":"2017-05-23T09:14:48","date_gmt":"2017-05-23T12:14:48","guid":{"rendered":"http:\/\/prensa.mendoza.gov.ar\/?p=91119"},"modified":"2017-05-23T09:14:48","modified_gmt":"2017-05-23T12:14:48","slug":"treinta-platos-se-presentaron-en-el-concurso-de-platos-con-miel","status":"publish","type":"post","link":"https:\/\/www.mendoza.gov.ar\/prensa\/treinta-platos-se-presentaron-en-el-concurso-de-platos-con-miel\/","title":{"rendered":"Treinta preparaciones en el Concurso de Platos con Miel"},"content":{"rendered":"<!DOCTYPE html PUBLIC \"-\/\/W3C\/\/DTD HTML 4.0 Transitional\/\/EN\" \"http:\/\/www.w3.org\/TR\/REC-html40\/loose.dtd\">\n<html><body><div id=\"m_4803349115061300611yiv3485601876\">\n<div id=\"m_4803349115061300611yiv3485601876yqtfd79881\" class=\"m_4803349115061300611yiv3485601876yqt7150980424\">\n<div id=\"m_4803349115061300611yui_3_16_0_ym19_1_1495539262726_6791\">\n<div id=\"m_4803349115061300611yui_3_16_0_ym19_1_1495539262726_6790\">\n<div id=\"m_4803349115061300611yui_3_16_0_ym19_1_1495539262726_6792\" class=\"m_4803349115061300611yiv3485601876qtdSeparateBR\">&ldquo;Helado de miel y frutos secos&rdquo; fue la receta ganadora en categor&iacute;a profesional y &ldquo;Tonadas de miel&rdquo; obtuvo el primer lugar en rubro Amateur. Fue el tercer concurso organizado en el marco de la Ucomiel y el quinto a nivel regional, apoyado por el Ministerio de Econom&iacute;a, Infraestructura y Energ&iacute;a para la puesta en valor de productos t&iacute;picos de la provincia.<\/div>\n<div class=\"m_4803349115061300611yiv3485601876qtdSeparateBR\"><\/div>\n<div class=\"m_4803349115061300611yiv3485601876qtdSeparateBR\">\n<div id=\"m_4803349115061300611yiv3485601876yui_3_16_0_ym19_1_1495479181655_18189\"><span id=\"m_4803349115061300611yiv3485601876yui_3_16_0_ym19_1_1495479181655_18190\">Alrededor de 30 platos salados y dulces donde la miel fue la vedette y cerca de 50 participantes, ya que muchas propuestas fueron elaboradas de a dos, se presentaron en&nbsp;este certamen. Organizaron la Municipalidad de Tunuy&aacute;n, el Ministerio de Econom&iacute;a, Infraestructura y Energ&iacute;a, el INTA y las instituciones ap&iacute;colas de la provincia.<\/span><\/div>\n<div id=\"m_4803349115061300611yiv3485601876yui_3_16_0_ym19_1_1495479181655_18189\"><\/div>\n<div id=\"m_4803349115061300611yiv3485601876yui_3_16_0_ym19_1_1495479181655_18192\"><span id=\"m_4803349115061300611yiv3485601876yui_3_16_0_ym19_1_1495479181655_18193\">Adriana Mu&ntilde;iz, de 365 Tentaciones, programa de promoci&oacute;n de la cartera econ&oacute;mica provincial, sostuvo que la iniciativa busca &ldquo;poner en valor y aumentar el consumo de miel, destacando la calidad del producto, los diferentes tipos, los beneficios para la salud y aportando preparaciones que incrementen el universo de usos gastron&oacute;micos de este alimento. Todo ello en beneficio de nuestros apicultores&rdquo;. &nbsp;<\/span><\/div>\n<\/div>\n<div class=\"m_4803349115061300611yiv3485601876qtdSeparateBR\"><\/div>\n<div class=\"m_4803349115061300611yiv3485601876qtdSeparateBR\">&ldquo;Es muy interesante la cantidad y diversidad de preparaciones que se han presentado, incorporando como ingredientes a la miel y a otros productos del Valle de Uco. Esto enriquece a nuestra gastronom&iacute;a y muestra el inter&eacute;s de la comunidad en participar&rdquo;, destac&oacute; la directora de Desarrollo Econ&oacute;mico de Tunuy&aacute;n, Andrea Fadul. Agreg&oacute; adem&aacute;s que &ldquo;de acuerdo con&nbsp;los datos de las instituciones ap&iacute;colas, el consumo de miel en el mercado interno se ha incrementado 35%, lo que representa un logro y muestra la importancia de la promoci&oacute;n para aumentar la ingesta&rdquo;.<\/div>\n<div class=\"m_4803349115061300611yiv3485601876qtdSeparateBR\"><\/div>\n<div class=\"m_4803349115061300611yiv3485601876qtdSeparateBR\"><strong>Los platos ganadores<\/strong><\/div>\n<div class=\"m_4803349115061300611yiv3485601876qtdSeparateBR\"><\/div>\n<\/div>\n<\/div>\n<\/div>\n<\/div>\n<div id=\"m_4803349115061300611yui_3_16_0_ym19_1_1495539262726_6824\" class=\"m_4803349115061300611.yiv3485601876yahoo_quoted\">\n<div id=\"m_4803349115061300611yiv3485601876yui_3_16_0_ym19_1_1495479181655_23023\">\n<div id=\"m_4803349115061300611yiv3485601876yui_3_16_0_ym19_1_1495479181655_23022\">\n<div id=\"m_4803349115061300611yiv3485601876yui_3_16_0_ym19_1_1495479181655_23028\" class=\"m_4803349115061300611yiv3485601876y_msg_container\">\n<div id=\"m_4803349115061300611yiv3485601876\">\n<div id=\"m_4803349115061300611yiv3485601876yui_3_16_0_ym19_1_1495479181655_23030\">\n<div id=\"m_4803349115061300611yiv3485601876yui_3_16_0_ym19_1_1495479181655_23029\">\n<div id=\"m_4803349115061300611yiv3485601876yqtfd56464\" class=\"m_4803349115061300611yiv3485601876yqt1130066709\">\n<div id=\"m_4803349115061300611yiv3485601876yui_3_16_0_ym19_1_1495479181655_20147\" class=\"m_4803349115061300611yiv3485601876yahoo_quoted\">\n<div id=\"m_4803349115061300611yiv3485601876yui_3_16_0_ym19_1_1495479181655_20146\">\n<div id=\"m_4803349115061300611yiv3485601876yui_3_16_0_ym19_1_1495479181655_20145\">\n<div id=\"m_4803349115061300611yiv3485601876yui_3_16_0_ym19_1_1495479181655_20149\" class=\"m_4803349115061300611yiv3485601876y_msg_container\">\n<div id=\"m_4803349115061300611yiv3485601876\">\n<div id=\"m_4803349115061300611yiv3485601876yui_3_16_0_ym19_1_1495479181655_20151\">\n<div id=\"m_4803349115061300611yiv3485601876yui_3_16_0_ym19_1_1495479181655_20150\">\n<div id=\"m_4803349115061300611yiv3485601876yui_3_16_0_ym19_1_1495479181655_18183\"><span id=\"m_4803349115061300611yiv3485601876yui_3_16_0_ym19_1_1495479181655_18184\">&ldquo;Helado de miel y frutos secos&rdquo;, una propuesta donde el sabor de la miel estuvo presente en la delicada textura del helado y las nueces y almendras aportaron el crujiente necesario para lograr un postre de excelencia, result&oacute; ganadora del primer premio categor&iacute;a Profesional en el Concurso de Platos con Miel que se llev&oacute; a cabo en Tunuy&aacute;n.&nbsp;<\/span>La receta fue realizada por Esther Galdame, una estudiante de gastronom&iacute;a de un Centro de Capacitaci&oacute;n para el Trabajo de Lulunta, Luj&aacute;n.<\/div>\n<div id=\"m_4803349115061300611yiv3485601876yui_3_16_0_ym19_1_1495479181655_18183\"><\/div>\n<div id=\"m_4803349115061300611yiv3485601876yui_3_16_0_ym19_1_1495479181655_18186\"><span id=\"m_4803349115061300611yiv3485601876yui_3_16_0_ym19_1_1495479181655_18187\">&ldquo;Tonadas de miel&rdquo;, de las hermanas Florencia y Carolina Anci,&nbsp;gan&oacute; el primer puesto en categor&iacute;a Amateur. Se trat&oacute; de una deliciosa presentaci&oacute;n planteada en forma de guitarra que utiliz&oacute; como ingredientes un matambre a la miel y panes saborizados, adem&aacute;s de frutos secos que simularon los hilos del instrumento. Creatividad e innovaci&oacute;n caracterizaron a esta composici&oacute;n.<\/span><\/div>\n<div id=\"m_4803349115061300611yiv3485601876yui_3_16_0_ym19_1_1495479181655_18186\"><\/div>\n<div id=\"m_4803349115061300611yiv3485601876yui_3_16_0_ym19_1_1495479181655_18195\"><span id=\"m_4803349115061300611yiv3485601876yui_3_16_0_ym19_1_1495479181655_18196\">&ldquo;Ribs de cordero a la parrilla con vegetales al plomo&rdquo;, presentado por los cocineros Gast&oacute;n Naida y Shirley Bringas, logr&oacute; el segundo premio profesional. Este plato se destac&oacute; por su est&eacute;tica presentando la carne de manera original y combinando los colores de los vegetales para lograr un fuerte impacto visual. Vanina Lumonte y Graciela Sosa, dos alumnas de gastronom&iacute;a lujaninas, con su &ldquo;Bud&iacute;n de miel con frutos secos&rdquo;, delicioso, ideal para acompa&ntilde;ar invernales tardes de t&eacute;, obtuvieron el tercer puesto.<\/span><\/div>\n<div><a href=\"https:\/\/www.mendoza.gov.ar\/prensa\/wp-content\/uploads\/sites\/23\/WhatsApp-Image-2017-05-22-at-17.43.15.jpeg\"><img loading=\"lazy\" class=\"alignnone wp-image-91121 img-responsive center-block\" src=\"https:\/\/www.mendoza.gov.ar\/prensa\/wp-content\/uploads\/sites\/23\/WhatsApp-Image-2017-05-22-at-17.43.15.jpeg\" alt=\"\" width=\"650\" height=\"365\"><\/a><\/div>\n<div id=\"m_4803349115061300611yiv3485601876yui_3_16_0_ym19_1_1495479181655_18195\"><\/div>\n<div id=\"m_4803349115061300611yiv3485601876yui_3_16_0_ym19_1_1495479181655_18198\"><span id=\"m_4803349115061300611yiv3485601876yui_3_16_0_ym19_1_1495479181655_18199\">&ldquo;Estofado de ternera a la miel&rdquo;, una propuesta que se caracteriz&oacute; tanto por el logrado sabor de la carne, donde la miel estuvo presente con sutileza y finura, como por la calidad de la vajilla empleada, recibi&oacute; el segundo galard&oacute;n amateur. &ldquo;Helado de miel en tulipas&rdquo;, un trabajo gastron&oacute;mico muy innovador, alcanz&oacute; el tercer puesto.<\/span><\/div>\n<div id=\"m_4803349115061300611yiv3485601876yui_3_16_0_ym19_1_1495479181655_18201\"><\/div>\n<div id=\"m_4803349115061300611yiv3485601876yui_3_16_0_ym19_1_1495479181655_18201\"><span id=\"m_4803349115061300611yiv3485601876yui_3_16_0_ym19_1_1495479181655_18202\">El sabor, la armoniosa combinaci&oacute;n entre todos los ingredientes, la originalidad del plato y el aporte nutricional fueron algunas de las variables que tuvo en cuenta el jurado para seleccionar a los&nbsp;ganadores. Tambi&eacute;n, en esta oportunidad, la ornamentaci&oacute;n de la mesa se consider&oacute; para la puntuaci&oacute;n y los concursantes con sencillos recursos -un tronco de &aacute;rbol, hojas secas de oto&ntilde;o, flores de estaci&oacute;n, teteras, tazas y copas del ba&uacute;l familiar- &nbsp;pudieron crear mesas agradables a la vista que acompa&ntilde;aron muy bien los alimentos.<\/span><\/div>\n<div id=\"m_4803349115061300611yiv3485601876yui_3_16_0_ym19_1_1495479181655_18201\"><\/div>\n<div><span id=\"m_4803349115061300611yiv3485601876yui_3_16_0_ym19_1_1495479181655_18208\">&ldquo;En el caso de los profesionales, se hizo m&aacute;s hincapi&eacute; en la aplicaci&oacute;n de las t&eacute;cnicas gastron&oacute;micas y para ambas categor&iacute;as se consider&oacute; tambi&eacute;n la historia de la receta ligada a tradiciones familiares o al entorno cultural de la zona&rdquo;,<\/span><span id=\"m_4803349115061300611yiv3485601876yui_3_16_0_ym19_1_1495479181655_18209\"><\/span><span id=\"m_4803349115061300611yiv3485601876yui_3_16_0_ym19_1_1495479181655_18210\"> subray&oacute; Ger&oacute;nimo Reyes, chef, profesor de gastronom&iacute;a y asesor t&eacute;cnico del concurso.<\/span><\/div>\n<div id=\"m_4803349115061300611yiv3485601876yui_3_16_0_ym19_1_1495479181655_18212\"><\/div>\n<div><strong>Calidad y diversidad<\/strong><\/div>\n<div><\/div>\n<div id=\"m_4803349115061300611yiv3485601876yui_3_16_0_ym19_1_1495479181655_18212\"><span id=\"m_4803349115061300611yiv3485601876yui_3_16_0_ym19_1_1495479181655_18213\">Hojas de parra rellenas con salsa de miel; pastel de humita y calabaza asada con miel; nube de pollo con salsa&nbsp;<i id=\"m_4803349115061300611yiv3485601876yui_3_16_0_ym19_1_1495479181655_18214\">bechamiel<\/i>; peras asadas al roquefort con reducci&oacute;n de malbec y miel; cuis de conejo glaseado; <em>mouse<\/em> de zapallo con miel, merengue flameado y frutos rojos son algunas de las propuestas que evalu&oacute; el jurado, integrado por referentes gastron&oacute;micos de Capital y del Valle de Uco, periodistas especializados y referentes ap&iacute;colas.<\/span><\/div>\n<\/div>\n<\/div>\n<\/div>\n<\/div>\n<\/div>\n<\/div>\n<\/div>\n<\/div>\n<\/div>\n<\/div>\n<\/div>\n<\/div>\n<\/div>\n<\/div>\n<\/div>\n<\/body><\/html>\n","protected":false},"excerpt":{"rendered":"La tercera edici\u00f3n de Ucomiel se realiz\u00f3 en Tunuy\u00e1n y participaron chefs, estudiantes de gastronom\u00eda y amantes de la cocina del Valle de Uco y del Gran Mendoza.\n","protected":false},"author":2,"featured_media":91120,"comment_status":"open","ping_status":"open","sticky":false,"template":"","format":"standard","meta":[],"categories":[1],"tags":[],"_links":{"self":[{"href":"https:\/\/www.mendoza.gov.ar\/prensa\/wp-json\/wp\/v2\/posts\/91119"}],"collection":[{"href":"https:\/\/www.mendoza.gov.ar\/prensa\/wp-json\/wp\/v2\/posts"}],"about":[{"href":"https:\/\/www.mendoza.gov.ar\/prensa\/wp-json\/wp\/v2\/types\/post"}],"author":[{"embeddable":true,"href":"https:\/\/www.mendoza.gov.ar\/prensa\/wp-json\/wp\/v2\/users\/2"}],"replies":[{"embeddable":true,"href":"https:\/\/www.mendoza.gov.ar\/prensa\/wp-json\/wp\/v2\/comments?post=91119"}],"version-history":[{"count":0,"href":"https:\/\/www.mendoza.gov.ar\/prensa\/wp-json\/wp\/v2\/posts\/91119\/revisions"}],"wp:featuredmedia":[{"embeddable":true,"href":"https:\/\/www.mendoza.gov.ar\/prensa\/wp-json\/wp\/v2\/media\/91120"}],"wp:attachment":[{"href":"https:\/\/www.mendoza.gov.ar\/prensa\/wp-json\/wp\/v2\/media?parent=91119"}],"wp:term":[{"taxonomy":"category","embeddable":true,"href":"https:\/\/www.mendoza.gov.ar\/prensa\/wp-json\/wp\/v2\/categories?post=91119"},{"taxonomy":"post_tag","embeddable":true,"href":"https:\/\/www.mendoza.gov.ar\/prensa\/wp-json\/wp\/v2\/tags?post=91119"}],"curies":[{"name":"wp","href":"https:\/\/api.w.org\/{rel}","templated":true}]}}