{"id":91124,"date":"2017-05-23T10:13:45","date_gmt":"2017-05-23T13:13:45","guid":{"rendered":"http:\/\/prensa.mendoza.gov.ar\/?p=91124"},"modified":"2017-05-23T10:13:45","modified_gmt":"2017-05-23T13:13:45","slug":"crecio-la-cantidad-de-hectareas-cultivadas-con-frutos-secos","status":"publish","type":"post","link":"https:\/\/www.mendoza.gov.ar\/prensa\/crecio-la-cantidad-de-hectareas-cultivadas-con-frutos-secos\/","title":{"rendered":"Creci\u00f3 la cantidad de hect\u00e1reas cultivadas con frutos secos"},"content":{"rendered":"<!DOCTYPE html PUBLIC \"-\/\/W3C\/\/DTD HTML 4.0 Transitional\/\/EN\" \"http:\/\/www.w3.org\/TR\/REC-html40\/loose.dtd\">\n<html><body><div class=\"adn ads\">\n<div class=\"gs\">\n<div id=\":11b\" class=\"ii gt adP adO\">\n<div id=\":108\" class=\"a3s aXjCH m15c3547b4868bf6c\">\n<div id=\"m_-721806152608183456yiv0264744258\">\n<div id=\"m_-721806152608183456yui_3_16_0_ym19_1_1495539262726_25481\">\n<div id=\"m_-721806152608183456yui_3_16_0_ym19_1_1495539262726_25480\">\n<div id=\"m_-721806152608183456yiv0264744258yui_3_16_0_ym19_1_1495452415872_54534\">Un crecimiento sostenido en la superficie cultivada de frutos secos en la provincia muestra el &uacute;ltimo censo realizado por el Instituto de Desarrollo Rural (IDR), que da cuenta que en los &uacute;ltimos seis a&ntilde;os la extensi&oacute;n de las &aacute;reas implantadas pas&oacute; de 5212,3 hect&aacute;reas, en 2016, a 7371,9, este a&ntilde;o.<\/div>\n<div id=\"m_-721806152608183456yiv0264744258yui_3_16_0_ym19_1_1495452415872_54541\"><\/div>\n<div id=\"m_-721806152608183456yiv0264744258yui_3_16_0_ym19_1_1495452415872_54542\">El 33,5% de crecimiento se observa luego del relevamiento realizado por el IDR mediante un&nbsp; trabajo de campo en el que se censaron 607 propiedades productoras de frutos secos.<\/div>\n<div id=\"m_-721806152608183456yiv0264744258yui_3_16_0_ym19_1_1495452415872_54542\"><\/div>\n<div id=\"m_-721806152608183456yiv0264744258yui_3_16_0_ym19_1_1495452415872_54543\">El nogal fue el cultivo que m&aacute;s incremento exhibi&oacute;: pas&oacute; de 3.341 a 5.242 hect&aacute;reas. En tanto, el pistacho sum&oacute; diez hect&aacute;reas, con lo que alcanz&oacute; las 32,5. Mientras que el almendro mostr&oacute; una contracci&oacute;n de poco m&aacute;s de 50 hect&aacute;reas, y qued&oacute; en 2085,6. El casta&ntilde;o y avellano tambi&eacute;n mermaron en superficie cultivada.<\/div>\n<div><\/div>\n<div>El informe del IDR muestra que la principal superficie cultivada con frutos secos&nbsp;est&aacute; en el oasis Valle de Uco, debido principalmente a los nogales. Mientras que los oasis Norte y Este se destacan por el cultivo de almendro. Cabe destacar que el cultivo del almendro se encuentra en un momento de gran din&aacute;mica varietal, implant&aacute;ndose principalmente nuevas variedades de origen espa&ntilde;ol de c&aacute;scara dura, que representa actualmente m&aacute;s del 60% de la superficie total de esa especie.<\/div>\n<div id=\"m_-721806152608183456yiv0264744258yui_3_16_0_ym19_1_1495452415872_54359\"><\/div>\n<div id=\"m_-721806152608183456yiv0264744258yui_3_16_0_ym19_1_1495452415872_54988\" dir=\"ltr\">Por otra parte, en el caso del nogal se observa que las actividades posteriores a la cosecha presentaron muy buena din&aacute;mica los &uacute;ltimos a&ntilde;os. Es que alrededor del 67% de las propiedades realizan el secado de su producci&oacute;n en la propiedad.<\/div>\n<\/div>\n<\/div>\n<\/div>\n<\/div>\n<\/div>\n<\/div>\n<\/div>\n<\/body><\/html>\n","protected":false},"excerpt":{"rendered":"En los \u00faltimos seis a\u00f1os la superficie implantada aument\u00f3 33,5%. El incremento m\u00e1s significativo fue en nogales.","protected":false},"author":2,"featured_media":91125,"comment_status":"open","ping_status":"open","sticky":false,"template":"","format":"standard","meta":[],"categories":[1],"tags":[],"_links":{"self":[{"href":"https:\/\/www.mendoza.gov.ar\/prensa\/wp-json\/wp\/v2\/posts\/91124"}],"collection":[{"href":"https:\/\/www.mendoza.gov.ar\/prensa\/wp-json\/wp\/v2\/posts"}],"about":[{"href":"https:\/\/www.mendoza.gov.ar\/prensa\/wp-json\/wp\/v2\/types\/post"}],"author":[{"embeddable":true,"href":"https:\/\/www.mendoza.gov.ar\/prensa\/wp-json\/wp\/v2\/users\/2"}],"replies":[{"embeddable":true,"href":"https:\/\/www.mendoza.gov.ar\/prensa\/wp-json\/wp\/v2\/comments?post=91124"}],"version-history":[{"count":0,"href":"https:\/\/www.mendoza.gov.ar\/prensa\/wp-json\/wp\/v2\/posts\/91124\/revisions"}],"wp:featuredmedia":[{"embeddable":true,"href":"https:\/\/www.mendoza.gov.ar\/prensa\/wp-json\/wp\/v2\/media\/91125"}],"wp:attachment":[{"href":"https:\/\/www.mendoza.gov.ar\/prensa\/wp-json\/wp\/v2\/media?parent=91124"}],"wp:term":[{"taxonomy":"category","embeddable":true,"href":"https:\/\/www.mendoza.gov.ar\/prensa\/wp-json\/wp\/v2\/categories?post=91124"},{"taxonomy":"post_tag","embeddable":true,"href":"https:\/\/www.mendoza.gov.ar\/prensa\/wp-json\/wp\/v2\/tags?post=91124"}],"curies":[{"name":"wp","href":"https:\/\/api.w.org\/{rel}","templated":true}]}}