{"id":91253,"date":"2017-05-23T18:57:30","date_gmt":"2017-05-23T21:57:30","guid":{"rendered":"http:\/\/prensa.mendoza.gov.ar\/?p=91253"},"modified":"2017-05-23T18:57:30","modified_gmt":"2017-05-23T21:57:30","slug":"los-limites-en-la-ninez-tema-del-taller-para-padres-de-osep","status":"publish","type":"post","link":"https:\/\/www.mendoza.gov.ar\/prensa\/los-limites-en-la-ninez-tema-del-taller-para-padres-de-osep\/","title":{"rendered":"Los l\u00edmites en la ni\u00f1ez, tema del taller para padres de OSEP"},"content":{"rendered":"<!DOCTYPE html PUBLIC \"-\/\/W3C\/\/DTD HTML 4.0 Transitional\/\/EN\" \"http:\/\/www.w3.org\/TR\/REC-html40\/loose.dtd\">\n<html><body><p>A cargo de los psic&oacute;logos Mar&iacute;a Deiber y Walter Isgr&oacute;,&nbsp;se propone un espacio para aprender que la aceptaci&oacute;n de un l&iacute;mite es la capacidad de tolerar la frustraci&oacute;n que implica postergar un deseo o bien desplazarlo para buscar una satisfacci&oacute;n socialmente permitida. Por lo tanto, la premisa es que no se trata de evitarle al ni&ntilde;o situaciones traum&aacute;ticas sino de ense&ntilde;arle a aceptar las limitaciones.<\/p>\n<p>El otro eje fundamental del taller es que los l&iacute;mites se transmiten por adultos que ocupan un lugar significativo para el ni&ntilde;o. Instalar el concepto que por amor a ellos les decimos &ldquo;no&rdquo; en tiempo y forma, para que de esta manera el ni&ntilde;o los vaya aceptando y asumiendo para regular sus impulsos.<\/p>\n<p>Aun cuando no existe un manual o instructivo que nos ense&ntilde;e una manera correcta, &uacute;nica y acabada de poner l&iacute;mites, hay herramientas que invitan a cuestionarnos y reflexionar sobre una tem&aacute;tica que nos convoca a todos para hacer de nuestros ni&ntilde;os personas responsables y coherentes.<\/p>\n<p>Ante la angustiante frase de muchos padres&nbsp;<em>&ldquo;No me hace caso, &iquest;qu&eacute; hago?<\/em>&ldquo;, estos encuentros resultan &uacute;tiles para compartir experiencias y llevarse herramientas para educar a nuestros hijos.<\/p>\n<p>El taller se lleva a cabo los jueves de&nbsp;17.30 a 19.30 y su dictado es en forma quincenal para que los padres puedan organizarse y asistir. Consta de tres encuentros donde se debaten las problem&aacute;ticas propias a la hora de decir &ldquo;no&rdquo; nuestros hijos. Los interesados pueden comenzar cuando lo deseen o ir sum&aacute;ndose a los encuentros que ya est&aacute;n en curso.<\/p>\n<p>M&aacute;s informaci&oacute;n en el&nbsp;Departamento de Salud Mental, Rioja 515, de Ciudad. Atenci&oacute;n: de lunes a viernes, de 8.30 a 15.00. Tel&eacute;fonos 4615832&nbsp;y 4615833.<\/p>\n<p>&nbsp;<\/p>\n<\/body><\/html>\n","protected":false},"excerpt":{"rendered":"El \u00e1rea de Salud Mental de OSEP contin\u00faa con la propuesta a todos los padres de ni\u00f1os entre 4 a 12 a\u00f1os para participar en un taller de reflexi\u00f3n sobre los l\u00edmites en la ni\u00f1ez denominado \u201cAmor y l\u00edmites van de la mano\u201d.\u00a0\n\n","protected":false},"author":2,"featured_media":0,"comment_status":"open","ping_status":"open","sticky":false,"template":"","format":"standard","meta":[],"categories":[30],"tags":[],"_links":{"self":[{"href":"https:\/\/www.mendoza.gov.ar\/prensa\/wp-json\/wp\/v2\/posts\/91253"}],"collection":[{"href":"https:\/\/www.mendoza.gov.ar\/prensa\/wp-json\/wp\/v2\/posts"}],"about":[{"href":"https:\/\/www.mendoza.gov.ar\/prensa\/wp-json\/wp\/v2\/types\/post"}],"author":[{"embeddable":true,"href":"https:\/\/www.mendoza.gov.ar\/prensa\/wp-json\/wp\/v2\/users\/2"}],"replies":[{"embeddable":true,"href":"https:\/\/www.mendoza.gov.ar\/prensa\/wp-json\/wp\/v2\/comments?post=91253"}],"version-history":[{"count":0,"href":"https:\/\/www.mendoza.gov.ar\/prensa\/wp-json\/wp\/v2\/posts\/91253\/revisions"}],"wp:attachment":[{"href":"https:\/\/www.mendoza.gov.ar\/prensa\/wp-json\/wp\/v2\/media?parent=91253"}],"wp:term":[{"taxonomy":"category","embeddable":true,"href":"https:\/\/www.mendoza.gov.ar\/prensa\/wp-json\/wp\/v2\/categories?post=91253"},{"taxonomy":"post_tag","embeddable":true,"href":"https:\/\/www.mendoza.gov.ar\/prensa\/wp-json\/wp\/v2\/tags?post=91253"}],"curies":[{"name":"wp","href":"https:\/\/api.w.org\/{rel}","templated":true}]}}