{"id":91620,"date":"2017-05-28T09:24:15","date_gmt":"2017-05-28T12:24:15","guid":{"rendered":"http:\/\/prensa.mendoza.gov.ar\/?p=91620"},"modified":"2017-05-28T09:24:15","modified_gmt":"2017-05-28T12:24:15","slug":"el-fondo-para-la-transformacion-y-el-crecimiento-duplico-los-montos-para-creditos-ganaderos","status":"publish","type":"post","link":"https:\/\/www.mendoza.gov.ar\/prensa\/el-fondo-para-la-transformacion-y-el-crecimiento-duplico-los-montos-para-creditos-ganaderos\/","title":{"rendered":"Duplican los montos para cr\u00e9ditos ganaderos"},"content":{"rendered":"<!DOCTYPE html PUBLIC \"-\/\/W3C\/\/DTD HTML 4.0 Transitional\/\/EN\" \"http:\/\/www.w3.org\/TR\/REC-html40\/loose.dtd\">\n<html><body><p>El Gobierno ampli&oacute; los montos de financiamiento para las l&iacute;neas de cr&eacute;ditos destinadas a productores de ganado bovino, con el fin de atender los requerimientos econ&oacute;micos en las etapas de cr&iacute;a, recr&iacute;a y engorde. Los fondos est&aacute;n destinados a productores con emprendimientos en marcha en zonas de secano y\/o en &aacute;reas de tierras de pastoreo bajo riego.<\/p>\n<p>El componente financiable es para compra de vacas nuevas aptas para reproducci&oacute;n, como tambi&eacute;n vaquillonas, terneras, toros o toritos, retenci&oacute;n de vientres, flete y seguros de traslados animales.<\/p>\n<p>Adem&aacute;s, se pueden destinar a infraestructura ganadera referida a construcci&oacute;n de aguadas, mangas y comederos, electrificaci&oacute;n rural y cualquier otra inversi&oacute;n que permitan mejorar el manejo del emprendimiento ganadero o para implantaci&oacute;n de pasturas perennes. Tambi&eacute;n est&aacute;n disponibles para gastos de evoluci&oacute;n (capital de trabajo) en general que demande cada tipo de actividad asistida y gastos de explotaci&oacute;n necesarios para el manejo de destete precoz.<\/p>\n<p>El total de asistencia crediticia que se otorgue ser&aacute; seg&uacute;n el dictamen que emita para ello la Direcci&oacute;n Provincial de Ganader&iacute;a y hasta $1.800.000. El procedimiento para los cr&eacute;ditos destinados a hacer frente a los gastos que demande el manejo del destete precoz, por postulante y por emprendimiento, tendr&aacute; un tope de $400.000.<\/p>\n<p>Las tasa de inter&eacute;s ser&aacute;n del 30% de la TNA del Banco Naci&oacute;n para hasta 200 cabezas inclusive, y m&aacute;s de 200 cabezas, 40%.<\/p>\n<p>Para m&aacute;s informaci&oacute;n sobre esta y otras l&iacute;neas de cr&eacute;dito, ingresar a www.ftyc.gob.ar, llamar al 0261 4202434\/35 o dirigirse a la delegaci&oacute;n m&aacute;s cercana.<\/p>\n<\/body><\/html>\n","protected":false},"excerpt":{"rendered":"Se concretan a trav\u00e9s del Fondo para la Transformaci\u00f3n y el Crecimiento. Las l\u00edneas de financiamiento pasaron de $900.000 a $1.800.000. Para destete precoz, los valores aumentaron de $200.000 a $400.000.","protected":false},"author":2,"featured_media":91623,"comment_status":"open","ping_status":"open","sticky":false,"template":"","format":"standard","meta":[],"categories":[1],"tags":[],"_links":{"self":[{"href":"https:\/\/www.mendoza.gov.ar\/prensa\/wp-json\/wp\/v2\/posts\/91620"}],"collection":[{"href":"https:\/\/www.mendoza.gov.ar\/prensa\/wp-json\/wp\/v2\/posts"}],"about":[{"href":"https:\/\/www.mendoza.gov.ar\/prensa\/wp-json\/wp\/v2\/types\/post"}],"author":[{"embeddable":true,"href":"https:\/\/www.mendoza.gov.ar\/prensa\/wp-json\/wp\/v2\/users\/2"}],"replies":[{"embeddable":true,"href":"https:\/\/www.mendoza.gov.ar\/prensa\/wp-json\/wp\/v2\/comments?post=91620"}],"version-history":[{"count":0,"href":"https:\/\/www.mendoza.gov.ar\/prensa\/wp-json\/wp\/v2\/posts\/91620\/revisions"}],"wp:featuredmedia":[{"embeddable":true,"href":"https:\/\/www.mendoza.gov.ar\/prensa\/wp-json\/wp\/v2\/media\/91623"}],"wp:attachment":[{"href":"https:\/\/www.mendoza.gov.ar\/prensa\/wp-json\/wp\/v2\/media?parent=91620"}],"wp:term":[{"taxonomy":"category","embeddable":true,"href":"https:\/\/www.mendoza.gov.ar\/prensa\/wp-json\/wp\/v2\/categories?post=91620"},{"taxonomy":"post_tag","embeddable":true,"href":"https:\/\/www.mendoza.gov.ar\/prensa\/wp-json\/wp\/v2\/tags?post=91620"}],"curies":[{"name":"wp","href":"https:\/\/api.w.org\/{rel}","templated":true}]}}