{"id":91640,"date":"2017-05-27T12:25:51","date_gmt":"2017-05-27T15:25:51","guid":{"rendered":"http:\/\/prensa.mendoza.gov.ar\/?p=91640"},"modified":"2017-05-27T12:25:51","modified_gmt":"2017-05-27T15:25:51","slug":"la-linea-de-alta-tension-nihuil-iv-en-san-rafael-tiene-un-75-de-avance","status":"publish","type":"post","link":"https:\/\/www.mendoza.gov.ar\/prensa\/la-linea-de-alta-tension-nihuil-iv-en-san-rafael-tiene-un-75-de-avance\/","title":{"rendered":"La l\u00ednea de alta tensi\u00f3n Nihuil IV en San Rafael tiene 75% de avance"},"content":{"rendered":"<!DOCTYPE html PUBLIC \"-\/\/W3C\/\/DTD HTML 4.0 Transitional\/\/EN\" \"http:\/\/www.w3.org\/TR\/REC-html40\/loose.dtd\">\n<html><body><p>Los cortes del suministro el&eacute;ctrico que afectan cotidianamente a la ciudad de San Rafael a causa de consumo elevado y por la antig&uuml;edad de las instalaciones tendr&aacute;n prontamente una soluci&oacute;n con la construcci&oacute;n de la l&iacute;nea de alta tensi&oacute;n Nihuil IV, que hasta la fecha presenta un avance de obra del 75%.<\/p>\n<p>Seg&uacute;n datos relevados por el Ente Provincial de Regulaci&oacute;n El&eacute;ctrica (EPRE), 700 interrupciones del servicio el&eacute;ctrico sufrieron los sanrafaelinos en los &uacute;ltimos tres a&ntilde;os. En un c&aacute;lculo r&aacute;pido, se puede decir que se produjo un corte de luz cada d&iacute;a y medio que afect&oacute; diversas zonas o distritos.<\/p>\n<p>La interconexi&oacute;n en 132 kilovoltios de tensi&oacute;n entre Nihuil IV y la estaci&oacute;n transformadora de San Rafael optimizar&aacute;n el servicio y le dar&aacute;n m&aacute;s confiabilidad al sistema. La obra prev&eacute; la ampliaci&oacute;n de las estaciones transformadoras, la colocaci&oacute;n de casi 30 kil&oacute;metros de l&iacute;nea a&eacute;rea de alta tensi&oacute;n en 132 kilovatios y la construcci&oacute;n de 2 kil&oacute;metros de l&iacute;nea subterr&aacute;nea de alta tensi&oacute;n.<\/p>\n<p>San Rafael era, hasta el momento, una de las pocas ciudades con m&aacute;s de 100 mil habitantes que pose&iacute;a un sistema el&eacute;ctrico de una sola entrada, lo que generaba inestabilidad e inseguridad.<\/p>\n<p>A pesar de ser una obra largamente esperada por la comunidad de San Rafael, un grupo de 67 vecinos cuestionan el trazado de la ET Nihuil IV, porque pasa por su terreno. La semana pasada, el subsecretario de Obras P&uacute;blicas, Daniel Chicahuala, se reuni&oacute; con ellos y analiz&oacute; cada uno de los casos, haciendo adem&aacute;s una visita en terreno a cada propietario. &ldquo;Escuchamos sus inquietudes y aunque la audiencia p&uacute;blica ya fue celebrada y el ENRE realiz&oacute; las notificaciones formales, de igual modo hemos venido a evaluar el impacto que la obra generar&aacute; en los terrenos afectados&rdquo;, sostuvo el funcionario.<\/p>\n<p><strong>Cronolog&iacute;a de un largo proceso administrativo<\/strong><\/p>\n<ul>\n<li>8 de marzo de 2012: el Ente Nacional de Regulaci&oacute;n de la Electricidad (ENRE) convoc&oacute; a una audiencia p&uacute;blica en el recinto de sesiones del Concejo Deliberante de San Rafael. Por tratarse de una obra del sistema de transporte cuya jurisdicci&oacute;n es nacional, el ENRE se constituy&oacute; como organismo convocante e inst&oacute; a todos los interesados a exponer sus puntos de vista sobre la construcci&oacute;n de la obra. En ese momento no se presentaron objeciones. Por lo tanto, la Naci&oacute;n sigui&oacute; adelante con el proceso licitatorio.<\/li>\n<li>30 de marzo de 2012: se convoc&oacute; en la Universidad Tecnol&oacute;gica a una nueva reuni&oacute;n, en la que se dieron a conocer detalles de la obra que permitir&aacute; despejar el riesgo de desabastecimiento el&eacute;ctrico en caso de colapso o interrupci&oacute;n del &uacute;nico tendido que provee energ&iacute;a a la ciudad de San Rafael. De resultados similares al anterior encuentro, los especialistas y p&uacute;blico no presentaron observaciones negativas al proyecto y fue otorgada la Declaraci&oacute;n de Impacto Ambiental (DIA).<\/li>\n<li>10 de marzo de 2015: el Gobierno de Mendoza llama a licitaci&oacute;n para construir la obra. En este proceso, las empresas Cartellone y la UTE conformada por Distrocuyo y Obras Andinas presentaron las propuestas t&eacute;cnicas, y fue elegida esta &uacute;ltima. La obra fue postergada por la falta de los fondos espec&iacute;ficos para comenzar a desarrollarla.<\/li>\n<li>23 de febrero de 2016: inicio de la obra con un plazo total de 540 d&iacute;as corridos y una inversi&oacute;n de $178 millones, que ser&aacute;n financiados con fondos provenientes de la venta de energ&iacute;a de la central hidroel&eacute;ctrica en el mercado el&eacute;ctrico mayorista nacional.<\/li>\n<\/ul>\n<\/body><\/html>\n","protected":false},"excerpt":{"rendered":"La obra optimizar\u00e1 la prestaci\u00f3n del servicio el\u00e9ctrico en cantidad, calidad y seguridad en todo San Rafael. En \u00faltimos tres, a\u00f1os ese departamento sufri\u00f3 700 cortes de servicio.","protected":false},"author":2,"featured_media":91646,"comment_status":"open","ping_status":"open","sticky":false,"template":"","format":"standard","meta":[],"categories":[1],"tags":[],"_links":{"self":[{"href":"https:\/\/www.mendoza.gov.ar\/prensa\/wp-json\/wp\/v2\/posts\/91640"}],"collection":[{"href":"https:\/\/www.mendoza.gov.ar\/prensa\/wp-json\/wp\/v2\/posts"}],"about":[{"href":"https:\/\/www.mendoza.gov.ar\/prensa\/wp-json\/wp\/v2\/types\/post"}],"author":[{"embeddable":true,"href":"https:\/\/www.mendoza.gov.ar\/prensa\/wp-json\/wp\/v2\/users\/2"}],"replies":[{"embeddable":true,"href":"https:\/\/www.mendoza.gov.ar\/prensa\/wp-json\/wp\/v2\/comments?post=91640"}],"version-history":[{"count":0,"href":"https:\/\/www.mendoza.gov.ar\/prensa\/wp-json\/wp\/v2\/posts\/91640\/revisions"}],"wp:featuredmedia":[{"embeddable":true,"href":"https:\/\/www.mendoza.gov.ar\/prensa\/wp-json\/wp\/v2\/media\/91646"}],"wp:attachment":[{"href":"https:\/\/www.mendoza.gov.ar\/prensa\/wp-json\/wp\/v2\/media?parent=91640"}],"wp:term":[{"taxonomy":"category","embeddable":true,"href":"https:\/\/www.mendoza.gov.ar\/prensa\/wp-json\/wp\/v2\/categories?post=91640"},{"taxonomy":"post_tag","embeddable":true,"href":"https:\/\/www.mendoza.gov.ar\/prensa\/wp-json\/wp\/v2\/tags?post=91640"}],"curies":[{"name":"wp","href":"https:\/\/api.w.org\/{rel}","templated":true}]}}