{"id":92108,"date":"2017-05-31T16:05:39","date_gmt":"2017-05-31T19:05:39","guid":{"rendered":"http:\/\/prensa.mendoza.gov.ar\/?p=92108"},"modified":"2017-05-31T16:05:39","modified_gmt":"2017-05-31T19:05:39","slug":"comienza-la-corta-anual-del-canal-marginal-del-rio-diamante","status":"publish","type":"post","link":"https:\/\/www.mendoza.gov.ar\/prensa\/comienza-la-corta-anual-del-canal-marginal-del-rio-diamante\/","title":{"rendered":"Comienza la corta anual del canal Marginal del r\u00edo Diamante"},"content":{"rendered":"<!DOCTYPE html PUBLIC \"-\/\/W3C\/\/DTD HTML 4.0 Transitional\/\/EN\" \"http:\/\/www.w3.org\/TR\/REC-html40\/loose.dtd\">\n<html><body><p>Aguas Mendocinas informa que a partir del 1 de junio y hasta el 23 de julio, el Departamento General de Irrigaci&oacute;n efectuar&aacute; las tareas de limpieza en el canal Marginal del r&iacute;o Diamante. Los trabajos&nbsp;afectar&aacute;n los caudales de ingreso al establecimiento potabilizador de agua de la zona.<\/p>\n<p>Aunque el organismo trabaja para prevenir situaciones que podr&iacute;an alterar el normal abastecimiento de agua potable a los vecinos de San Rafael durante el tiempo que dure la corta, solicita a la poblaci&oacute;n un uso responsable del agua.<\/p>\n<p>Los trabajos que se realizar&aacute;n en esta corta anual consisten en la limpieza sobre la margen del r&iacute;o de los canales de ingreso a la toma auxiliar, con el fin de encauzar el agua hacia las instalaciones de Aguas Mendocinas; mantenimiento rejas de desbaste y limpieza; mantenimiento y limpieza de compuertas del sistema de distribuci&oacute;n de la toma de agua cruda; limpieza de canales, desarenadores y ca&ntilde;er&iacute;a, entre otras tareas.<\/p>\n<\/body><\/html>\n","protected":false},"excerpt":{"rendered":"A partir del 1 de junio, el Departamento General  Irrigaci\u00f3n efectuar\u00e1 tareas de limpieza en el canal Marginal del r\u00edo Diamante. El trabajo afectar\u00e1 los caudales de ingreso al establecimiento potabilizador de agua de la zona. ","protected":false},"author":2,"featured_media":92109,"comment_status":"open","ping_status":"open","sticky":false,"template":"","format":"standard","meta":[],"categories":[34],"tags":[],"_links":{"self":[{"href":"https:\/\/www.mendoza.gov.ar\/prensa\/wp-json\/wp\/v2\/posts\/92108"}],"collection":[{"href":"https:\/\/www.mendoza.gov.ar\/prensa\/wp-json\/wp\/v2\/posts"}],"about":[{"href":"https:\/\/www.mendoza.gov.ar\/prensa\/wp-json\/wp\/v2\/types\/post"}],"author":[{"embeddable":true,"href":"https:\/\/www.mendoza.gov.ar\/prensa\/wp-json\/wp\/v2\/users\/2"}],"replies":[{"embeddable":true,"href":"https:\/\/www.mendoza.gov.ar\/prensa\/wp-json\/wp\/v2\/comments?post=92108"}],"version-history":[{"count":0,"href":"https:\/\/www.mendoza.gov.ar\/prensa\/wp-json\/wp\/v2\/posts\/92108\/revisions"}],"wp:featuredmedia":[{"embeddable":true,"href":"https:\/\/www.mendoza.gov.ar\/prensa\/wp-json\/wp\/v2\/media\/92109"}],"wp:attachment":[{"href":"https:\/\/www.mendoza.gov.ar\/prensa\/wp-json\/wp\/v2\/media?parent=92108"}],"wp:term":[{"taxonomy":"category","embeddable":true,"href":"https:\/\/www.mendoza.gov.ar\/prensa\/wp-json\/wp\/v2\/categories?post=92108"},{"taxonomy":"post_tag","embeddable":true,"href":"https:\/\/www.mendoza.gov.ar\/prensa\/wp-json\/wp\/v2\/tags?post=92108"}],"curies":[{"name":"wp","href":"https:\/\/api.w.org\/{rel}","templated":true}]}}