{"id":92143,"date":"2017-05-31T17:28:12","date_gmt":"2017-05-31T20:28:12","guid":{"rendered":"http:\/\/prensa.mendoza.gov.ar\/?p=92143"},"modified":"2017-05-31T17:28:12","modified_gmt":"2017-05-31T20:28:12","slug":"osep-ofrece-estudios-al-paso-para-determinar-cuanto-impacta-el-cigarrillo-en-la-oxigenacion-de-la-sangre","status":"publish","type":"post","link":"https:\/\/www.mendoza.gov.ar\/prensa\/osep-ofrece-estudios-al-paso-para-determinar-cuanto-impacta-el-cigarrillo-en-la-oxigenacion-de-la-sangre\/","title":{"rendered":"OSEP ofrece estudios \u201cal paso\u201d para determinar cu\u00e1nto impacta el cigarrillo en la oxigenaci\u00f3n de la sangre"},"content":{"rendered":"<!DOCTYPE html PUBLIC \"-\/\/W3C\/\/DTD HTML 4.0 Transitional\/\/EN\" \"http:\/\/www.w3.org\/TR\/REC-html40\/loose.dtd\">\n<html><body><p>La Unidad de Prevenci&oacute;n y Cesaci&oacute;n Tab&aacute;quica de la Obra Social de Empleados P&uacute;blicos (OSEP) ha desarrollado una serie de actividades que incluyen la declaraci&oacute;n de espacios libres de humo, charlas para afiliados y equipos de trabajo, entrega de material informativo y participaci&oacute;n en encuentros de promoci&oacute;n de la salud. Muchos mendocinos pudieron acercarse hoy a nuestros profesionales, que compartieron distintas tareas de prevenci&oacute;n con la comunidad.<\/p>\n<p>Cooximetr&iacute;a,&nbsp;un estudio muy simple que mide el mon&oacute;xido de carbono en el aire exhalado y determina cu&aacute;nto impacta el cigarrillo en la oxigenaci&oacute;n de la sangre, fue realizado en la carpa instalada en la Peatonal Sarmiento, frente a la Legislatura.<\/p>\n<p>Organizado por el&nbsp;Ministerio de Salud, la Universidad Nacional de Cuyo y OSEP, este estudio se realiz&oacute; en distintos puntos de la provincia como San Mart&iacute;n, Rivadavia, La Paz, Las Catitas, Lavalle y Maip&uacute;.<\/p>\n<p>Adem&aacute;s, y junto al programa Salud + Recreaci&oacute;n, se realiz&oacute; una campa&ntilde;a de concientizaci&oacute;n y promoci&oacute;n de h&aacute;bitos saludables en el edificio de OSEP Central, Jos&eacute; Vicente Zapata 313, Ciudad. Se entreg&oacute;&nbsp;material informativo&nbsp;y se ofreci&oacute; a los afiliados una fruta a cambio de un cigarrillo para concluir una jornada de alto valor simb&oacute;lico.<\/p>\n<p><strong>Capacitaci&oacute;n de profesionales<\/strong><\/p>\n<p>Este &nbsp;viernes, 2 de junio, la Unidad de OSEP llevar&aacute; a cabo una jornada de capacitaci&oacute;n en cesaci&oacute;n tab&aacute;quica, dirigida a profesionales de la salud. El encuentro ser&aacute; a las 8.30, en La Enoteca, Peltier 611 de Ciudad. Se trata de una charla taller con asignaci&oacute;n de roles y tendr&aacute; como invitado al doctor Guillermo Espinoza, especialista del Hospital Italiano de Buenos Aires.<\/p>\n<\/body><\/html>\n","protected":false},"excerpt":{"rendered":"Adem\u00e1s, el viernes en La Enoteca, habr\u00e1 un taller sobre cesaci\u00f3n tab\u00e1quica para profesionales de la Salud, desde las 8.30. Participar\u00e1 como invitado el doctor Guillermo Espinoza, especialista del Hospital Italiano de Buenos Aires.","protected":false},"author":2,"featured_media":92146,"comment_status":"open","ping_status":"open","sticky":false,"template":"","format":"standard","meta":[],"categories":[30],"tags":[],"_links":{"self":[{"href":"https:\/\/www.mendoza.gov.ar\/prensa\/wp-json\/wp\/v2\/posts\/92143"}],"collection":[{"href":"https:\/\/www.mendoza.gov.ar\/prensa\/wp-json\/wp\/v2\/posts"}],"about":[{"href":"https:\/\/www.mendoza.gov.ar\/prensa\/wp-json\/wp\/v2\/types\/post"}],"author":[{"embeddable":true,"href":"https:\/\/www.mendoza.gov.ar\/prensa\/wp-json\/wp\/v2\/users\/2"}],"replies":[{"embeddable":true,"href":"https:\/\/www.mendoza.gov.ar\/prensa\/wp-json\/wp\/v2\/comments?post=92143"}],"version-history":[{"count":0,"href":"https:\/\/www.mendoza.gov.ar\/prensa\/wp-json\/wp\/v2\/posts\/92143\/revisions"}],"wp:featuredmedia":[{"embeddable":true,"href":"https:\/\/www.mendoza.gov.ar\/prensa\/wp-json\/wp\/v2\/media\/92146"}],"wp:attachment":[{"href":"https:\/\/www.mendoza.gov.ar\/prensa\/wp-json\/wp\/v2\/media?parent=92143"}],"wp:term":[{"taxonomy":"category","embeddable":true,"href":"https:\/\/www.mendoza.gov.ar\/prensa\/wp-json\/wp\/v2\/categories?post=92143"},{"taxonomy":"post_tag","embeddable":true,"href":"https:\/\/www.mendoza.gov.ar\/prensa\/wp-json\/wp\/v2\/tags?post=92143"}],"curies":[{"name":"wp","href":"https:\/\/api.w.org\/{rel}","templated":true}]}}