{"id":92311,"date":"2017-06-02T08:15:40","date_gmt":"2017-06-02T11:15:40","guid":{"rendered":"http:\/\/prensa.mendoza.gov.ar\/?p=92311"},"modified":"2017-06-02T08:15:40","modified_gmt":"2017-06-02T11:15:40","slug":"osep-realiza-encuentro-sobre-inmunodeficiencias-primarias","status":"publish","type":"post","link":"https:\/\/www.mendoza.gov.ar\/prensa\/osep-realiza-encuentro-sobre-inmunodeficiencias-primarias\/","title":{"rendered":"OSEP realiza un encuentro sobre inmunodeficiencias primarias"},"content":{"rendered":"<!DOCTYPE html PUBLIC \"-\/\/W3C\/\/DTD HTML 4.0 Transitional\/\/EN\" \"http:\/\/www.w3.org\/TR\/REC-html40\/loose.dtd\">\n<html><body><div id=\"m_-9062898563889122052yui_3_16_0_ym19_1_1496341380798_3299\"><span id=\"m_-9062898563889122052yui_3_16_0_ym19_1_1496341380798_3308\" style=\"font-family: Arial, sans-serif\">Ayer jueves&nbsp;se abrieron las&nbsp;primeras jornadas multidisciplinarias &ldquo;Hablemos de inmunodeficiencias primarias en ni&ntilde;os, adolescentes y adultos&rdquo;, organizadas por el Servicio de Inmunolog&iacute;a del hospital pedi&aacute;trico Alexander Fleming de OSEP junto al del Central y la Asociaci&oacute;n de Ayuda al Paciente con Inmunodeficiencia Primaria <\/span><span id=\"m_-9062898563889122052yui_3_16_0_ym19_1_1496341380798_3309\" style=\"font-family: Arial, sans-serif\">(AAPIDP)<\/span><span id=\"m_-9062898563889122052yui_3_16_0_ym19_1_1496341380798_3310\" style=\"font-family: Arial, sans-serif\">.<\/span><\/div>\n<div id=\"m_-9062898563889122052yui_3_16_0_ym19_1_1496341380798_3311\"><\/div>\n<div id=\"m_-9062898563889122052yui_3_16_0_ym19_1_1496341380798_3313\"><span id=\"m_-9062898563889122052yui_3_16_0_ym19_1_1496341380798_3314\" style=\"font-family: Arial, sans-serif\">Se lleva a cabo en la sala Uspallata del Centro de Congresos y Exposiciones, tiene como finalidad hacer hincapi&eacute; en la sospecha diagn&oacute;stica de estas enfermedades desde el aspecto cl&iacute;nico, reumatol&oacute;gico e infectol&oacute;gico.<\/span><\/div>\n<div id=\"m_-9062898563889122052yui_3_16_0_ym19_1_1496341380798_3315\"><\/div>\n<div id=\"m_-9062898563889122052yui_3_16_0_ym19_1_1496341380798_3317\"><span id=\"m_-9062898563889122052yui_3_16_0_ym19_1_1496341380798_3318\" style=\"font-family: Arial, sans-serif\">La mesa acad&eacute;mica estuvo formada por la directora Asistencial del Fleming, M&oacute;nica P&eacute;rez Laborda; la <\/span><span id=\"m_-9062898563889122052yui_3_16_0_ym19_1_1496341380798_3319\" style=\"font-family: Arial, sans-serif\">presidenta de la AAPIDP, Roberta &Aacute;nido de Pena; Elma In&eacute;s Nievas, inmun&oacute;loga pedi&aacute;trica del Fleming y Mar&iacute;a Gloria Riveros, del Servicio de Alergia e Inmunolog&iacute;a del Central.<\/span><\/div>\n<div id=\"m_-9062898563889122052yui_3_16_0_ym19_1_1496341380798_3320\"><\/div>\n<div id=\"m_-9062898563889122052yui_3_16_0_ym19_1_1496341380798_3321\"><span id=\"m_-9062898563889122052yui_3_16_0_ym19_1_1496341380798_3322\" style=\"font-family: Arial, sans-serif\">Como invitados destacados, a nivel nacional participan el doctor Mat&iacute;as Oleastro, jefe de Cl&iacute;nica M&eacute;dica en Inmunolog&iacute;a del Servicio de Inmunolog&iacute;a y Reumatolog&iacute;a del Hospital Garrahan y Leila Ferreira, Inmun&oacute;loga de adultos del Hospital Posadas.<\/span><\/div>\n<div id=\"m_-9062898563889122052yui_3_16_0_ym19_1_1496341380798_3323\"><\/div>\n<div id=\"m_-9062898563889122052yui_3_16_0_ym19_1_1496341380798_3325\" dir=\"ltr\"><span id=\"m_-9062898563889122052yui_3_16_0_ym19_1_1496341380798_3326\" style=\"font-family: Arial, sans-serif\">Este evento, que se extender&aacute; hasta ma&ntilde;ana, fue declarado de inter&eacute;s legislativo y cuenta adem&aacute;s con el aval de la Sociedad Argentina de Pediatr&iacute;a, Filial Mendoza y la Facultad de Ciencias M&eacute;dicas de la UNCuyo.<\/span><\/div>\n<div dir=\"ltr\"><\/div>\n<div dir=\"ltr\"><a href=\"https:\/\/www.mendoza.gov.ar\/prensa\/wp-content\/uploads\/sites\/23\/INMUNODEFICIENCIAS_DSC8752.jpg\"><img loading=\"lazy\" class=\"alignnone wp-image-92313 img-responsive center-block\" src=\"https:\/\/www.mendoza.gov.ar\/prensa\/wp-content\/uploads\/sites\/23\/INMUNODEFICIENCIAS_DSC8752.jpg\" alt=\"\" width=\"650\" height=\"488\"><\/a><\/div>\n<\/body><\/html>\n","protected":false},"excerpt":{"rendered":"Tiene como finalidad hacer hincapi\u00e9 en la sospecha diagn\u00f3stica de estas enfermedades desde el aspecto cl\u00ednico, remumatol\u00f3gico e infectol\u00f3gico. Se extender\u00e1 hasta hoy.","protected":false},"author":2,"featured_media":92312,"comment_status":"open","ping_status":"open","sticky":false,"template":"","format":"standard","meta":[],"categories":[30],"tags":[],"_links":{"self":[{"href":"https:\/\/www.mendoza.gov.ar\/prensa\/wp-json\/wp\/v2\/posts\/92311"}],"collection":[{"href":"https:\/\/www.mendoza.gov.ar\/prensa\/wp-json\/wp\/v2\/posts"}],"about":[{"href":"https:\/\/www.mendoza.gov.ar\/prensa\/wp-json\/wp\/v2\/types\/post"}],"author":[{"embeddable":true,"href":"https:\/\/www.mendoza.gov.ar\/prensa\/wp-json\/wp\/v2\/users\/2"}],"replies":[{"embeddable":true,"href":"https:\/\/www.mendoza.gov.ar\/prensa\/wp-json\/wp\/v2\/comments?post=92311"}],"version-history":[{"count":0,"href":"https:\/\/www.mendoza.gov.ar\/prensa\/wp-json\/wp\/v2\/posts\/92311\/revisions"}],"wp:featuredmedia":[{"embeddable":true,"href":"https:\/\/www.mendoza.gov.ar\/prensa\/wp-json\/wp\/v2\/media\/92312"}],"wp:attachment":[{"href":"https:\/\/www.mendoza.gov.ar\/prensa\/wp-json\/wp\/v2\/media?parent=92311"}],"wp:term":[{"taxonomy":"category","embeddable":true,"href":"https:\/\/www.mendoza.gov.ar\/prensa\/wp-json\/wp\/v2\/categories?post=92311"},{"taxonomy":"post_tag","embeddable":true,"href":"https:\/\/www.mendoza.gov.ar\/prensa\/wp-json\/wp\/v2\/tags?post=92311"}],"curies":[{"name":"wp","href":"https:\/\/api.w.org\/{rel}","templated":true}]}}