{"id":92331,"date":"2017-06-02T11:21:57","date_gmt":"2017-06-02T14:21:57","guid":{"rendered":"http:\/\/prensa.mendoza.gov.ar\/?p=92331"},"modified":"2017-06-02T11:21:57","modified_gmt":"2017-06-02T14:21:57","slug":"transporte-publico-desvios-vigentes-en-el-gran-mendoza","status":"publish","type":"post","link":"https:\/\/www.mendoza.gov.ar\/prensa\/transporte-publico-desvios-vigentes-en-el-gran-mendoza\/","title":{"rendered":"Transporte p\u00fablico: desv\u00edos vigentes en el Gran Mendoza"},"content":{"rendered":"<!DOCTYPE html PUBLIC \"-\/\/W3C\/\/DTD HTML 4.0 Transitional\/\/EN\" \"http:\/\/www.w3.org\/TR\/REC-html40\/loose.dtd\">\n<html><body><p>Desde hace unos meses, algunas calles de los departamentos de Guaymall&eacute;n, Capital, Las Heras, Godoy Cruz y Maip&uacute; est&aacute;n cerradas al tr&aacute;nsito, debido a la reparaci&oacute;n de las mismas por parte de los municipios.<\/p>\n<p>A continuaci&oacute;n, enumeramos los principales desv&iacute;os vigentes:<\/p>\n<ul>\n<li>Carril Godoy Cruz, desde Mitre a Pedernera (Guaymall&eacute;n).<\/li>\n<li>Calle Saavedra (Guaymall&eacute;n).<\/li>\n<li>Calle Pescara, entre Mitre y Sarmiento (Maip&uacute;).<\/li>\n<li>Av. San Mart&iacute;n, entre Ortiz y San Luis (Las Heras).<\/li>\n<li>Calle Corrientes, entre San Mart&iacute;n y Rioja (Ciudad).<\/li>\n<li>Paso de los Andes, entre Pellegrini y Colombia&nbsp; (Ciudad).<\/li>\n<\/ul>\n<p>En tanto, las intersecciones de Patricias Mendocinas, entre Necochea y Rivadavia; Beltr&aacute;n y Av. San Mart&iacute;n; calle N&deg;5, entre Bufano y Matheu; Ar&iacute;stides Villanueva, desde Paso de los Andes a Boulogne Sur Mer y en las inmediaciones de la rotonda del barrio&nbsp;La Favorita, ya est&aacute;n habilitadas para la circulaci&oacute;n de veh&iacute;culos particulares y colectivos.<\/p>\n<p>Para conocer cu&aacute;les son las l&iacute;neas del Gran Mendoza que est&aacute;n circulando con modificaciones en sus trazas el usuario cuenta con la aplicaci&oacute;n Mi Recorrido, la cual proporciona toda la informaci&oacute;n respecto de cortes de calles y desv&iacute;os. Tambi&eacute;n est&aacute; disponible a trav&eacute;s de Facebook.<\/p>\n<p>&nbsp;<\/p>\n<\/body><\/html>\n","protected":false},"excerpt":{"rendered":"Los municipios est\u00e1n llevando a cabo un plan de obra para la recuperaci\u00f3n de las principales calles de cada departamento. Esta situaci\u00f3n ha obligado a modificar algunos recorridos de colectivos.","protected":false},"author":2,"featured_media":92332,"comment_status":"open","ping_status":"open","sticky":false,"template":"","format":"standard","meta":[],"categories":[34],"tags":[],"_links":{"self":[{"href":"https:\/\/www.mendoza.gov.ar\/prensa\/wp-json\/wp\/v2\/posts\/92331"}],"collection":[{"href":"https:\/\/www.mendoza.gov.ar\/prensa\/wp-json\/wp\/v2\/posts"}],"about":[{"href":"https:\/\/www.mendoza.gov.ar\/prensa\/wp-json\/wp\/v2\/types\/post"}],"author":[{"embeddable":true,"href":"https:\/\/www.mendoza.gov.ar\/prensa\/wp-json\/wp\/v2\/users\/2"}],"replies":[{"embeddable":true,"href":"https:\/\/www.mendoza.gov.ar\/prensa\/wp-json\/wp\/v2\/comments?post=92331"}],"version-history":[{"count":0,"href":"https:\/\/www.mendoza.gov.ar\/prensa\/wp-json\/wp\/v2\/posts\/92331\/revisions"}],"wp:featuredmedia":[{"embeddable":true,"href":"https:\/\/www.mendoza.gov.ar\/prensa\/wp-json\/wp\/v2\/media\/92332"}],"wp:attachment":[{"href":"https:\/\/www.mendoza.gov.ar\/prensa\/wp-json\/wp\/v2\/media?parent=92331"}],"wp:term":[{"taxonomy":"category","embeddable":true,"href":"https:\/\/www.mendoza.gov.ar\/prensa\/wp-json\/wp\/v2\/categories?post=92331"},{"taxonomy":"post_tag","embeddable":true,"href":"https:\/\/www.mendoza.gov.ar\/prensa\/wp-json\/wp\/v2\/tags?post=92331"}],"curies":[{"name":"wp","href":"https:\/\/api.w.org\/{rel}","templated":true}]}}