{"id":92346,"date":"2017-06-03T12:47:58","date_gmt":"2017-06-03T15:47:58","guid":{"rendered":"http:\/\/prensa.mendoza.gov.ar\/?p=92346"},"modified":"2017-06-03T12:47:58","modified_gmt":"2017-06-03T15:47:58","slug":"horarios-de-atencion-de-la-subsecretaria-de-trabajo-y-empleo","status":"publish","type":"post","link":"https:\/\/www.mendoza.gov.ar\/prensa\/horarios-de-atencion-de-la-subsecretaria-de-trabajo-y-empleo\/","title":{"rendered":"Horarios de atenci\u00f3n de la Subsecretar\u00eda de Trabajo y Empleo"},"content":{"rendered":"<!DOCTYPE html PUBLIC \"-\/\/W3C\/\/DTD HTML 4.0 Transitional\/\/EN\" \"http:\/\/www.w3.org\/TR\/REC-html40\/loose.dtd\">\n<html><body><p>La Subsecretaria de Trabajo y Empleo recuerda que ampli&oacute; el horario de&nbsp;atenci&oacute;n al p&uacute;blico en las oficinas correspondientes a asesoramiento&nbsp;legal, de indemnizaciones, diferencias salariales, despidos, recepci&oacute;n de&nbsp;denuncias, redacci&oacute;n de telegramas para los trabajadores y para la&nbsp;recepci&oacute;n de tr&aacute;mites en Mesa de Entradas&nbsp;es 8 a 17.<\/p>\n<p>Por otro lado, el servicio del 0800 222 8722 tambi&eacute;n atender&aacute; denuncias de&nbsp;9 a 14. All&iacute; se reciben&nbsp;los reclamos laborales de los trabajadores&nbsp;privados&nbsp;respecto de salarios impagos, indemnizaciones por despidos,&nbsp;liquidaciones, falta de registraci&oacute;n, violencia laboral, trabajo infantil y&nbsp;dem&aacute;s contingencias del contrato de trabajo.<\/p>\n<\/body><\/html>\n","protected":false},"excerpt":{"rendered":"Ampli\u00f3 el horario de atenci\u00f3n al p\u00fablico en las oficinas de 8 a 17.  El servicio del 0800 222 8722 tambi\u00e9n atender\u00e1 denuncias de 9 a 14.","protected":false},"author":2,"featured_media":92347,"comment_status":"open","ping_status":"open","sticky":false,"template":"","format":"standard","meta":[],"categories":[20],"tags":[],"_links":{"self":[{"href":"https:\/\/www.mendoza.gov.ar\/prensa\/wp-json\/wp\/v2\/posts\/92346"}],"collection":[{"href":"https:\/\/www.mendoza.gov.ar\/prensa\/wp-json\/wp\/v2\/posts"}],"about":[{"href":"https:\/\/www.mendoza.gov.ar\/prensa\/wp-json\/wp\/v2\/types\/post"}],"author":[{"embeddable":true,"href":"https:\/\/www.mendoza.gov.ar\/prensa\/wp-json\/wp\/v2\/users\/2"}],"replies":[{"embeddable":true,"href":"https:\/\/www.mendoza.gov.ar\/prensa\/wp-json\/wp\/v2\/comments?post=92346"}],"version-history":[{"count":0,"href":"https:\/\/www.mendoza.gov.ar\/prensa\/wp-json\/wp\/v2\/posts\/92346\/revisions"}],"wp:featuredmedia":[{"embeddable":true,"href":"https:\/\/www.mendoza.gov.ar\/prensa\/wp-json\/wp\/v2\/media\/92347"}],"wp:attachment":[{"href":"https:\/\/www.mendoza.gov.ar\/prensa\/wp-json\/wp\/v2\/media?parent=92346"}],"wp:term":[{"taxonomy":"category","embeddable":true,"href":"https:\/\/www.mendoza.gov.ar\/prensa\/wp-json\/wp\/v2\/categories?post=92346"},{"taxonomy":"post_tag","embeddable":true,"href":"https:\/\/www.mendoza.gov.ar\/prensa\/wp-json\/wp\/v2\/tags?post=92346"}],"curies":[{"name":"wp","href":"https:\/\/api.w.org\/{rel}","templated":true}]}}