{"id":92561,"date":"2017-06-03T15:31:20","date_gmt":"2017-06-03T18:31:20","guid":{"rendered":"http:\/\/prensa.mendoza.gov.ar\/?p=92561"},"modified":"2017-06-03T15:31:20","modified_gmt":"2017-06-03T18:31:20","slug":"inauguracion-de-la-muestra-de-carlos-alberto-casalla-chingolo","status":"publish","type":"post","link":"https:\/\/www.mendoza.gov.ar\/prensa\/inauguracion-de-la-muestra-de-carlos-alberto-casalla-chingolo\/","title":{"rendered":"Inauguraci\u00f3n de la muestra de Carlos Alberto Casalla \u201cChingolo\u201d"},"content":{"rendered":"<!DOCTYPE html PUBLIC \"-\/\/W3C\/\/DTD HTML 4.0 Transitional\/\/EN\" \"http:\/\/www.w3.org\/TR\/REC-html40\/loose.dtd\">\n<html><body><p>La Casa de Mendoza en Buenos Aires inaugur&oacute; la muestra de un gran referente de la historieta argentina,&nbsp; Carlos Alberto Casalla &ldquo;Chingolo&rdquo;, que se especializ&oacute; en temas gauchescos con la realizaci&oacute;n de m&aacute;s de 7000 planchas, dibujante de innumerables guionistas, m&uacute;sico y hacedor de m&uacute;ltiples actividades culturales en la comunidad. Este a&ntilde;o, el 5 de abril, falleci&oacute; a sus 90 a&ntilde;os de edad.<\/p>\n<p>Estuvo presente el curador Daniel Flores quien realiz&oacute; un repaso por la vida de este gran historietista y adem&aacute;s hizo hincapi&eacute; en los importantes reconocimientos que la provincia le ha realizado, principalmente&nbsp; consider&aacute;ndolo Ciudadano Ilustre por la Legislatura de la Provincia de&nbsp; Mendoza.<\/p>\n<p>Tambi&eacute;n asistieron importantes personalidades de la historieta como Domingo Mandrafina, Jorge Claudio Morhain, Cristian Mallea, Lito Fern&aacute;ndez entre otros, quienes disfrutaron de los vinos de la bodega Amakaik.<\/p>\n<p>La muestra se podr&aacute; visitar en Casa de Mendoza hasta el 30 de junio.<\/p>\n<p>Casa de Mendoza desde su &aacute;rea de Cultura convoca a artistas mendocinos de distintas disciplinas, para que formen parte de la agenda de actividades que se realizar&aacute; durante el a&ntilde;o.<\/p>\n<p><strong>Un gran historietista<\/strong><\/p>\n<p>Chingolo marc&oacute; un r&eacute;cord mundial, realizando la misma historieta por casi seis d&eacute;cadas ininterrumpidas en historia del g&eacute;nero, se trata de&nbsp;&ldquo;El cabo Savino&rdquo;&nbsp;de galopes a caballo, peleas con cuchillos y malones indios. Adem&aacute;s de ser dibujante de &Aacute;lamo Jim,&nbsp;El Cosaco&nbsp;y Perdido Joe, entre muchos otros.<\/p>\n<p>Egresado de la Academia de Bellas Artes &ldquo;Manuel Belgrano&rdquo; Capital Federal y de la Escuela Nacional de Bellas Artes &ldquo;Prilidiano Pueyrred&oacute;n&rdquo;.<\/p>\n<p>En 1946 comenz&oacute; a trabajar como diagramador y dibujante creativo en las Agencias Publicitarias de Molinos R&iacute;o de la Plata (Bunge y Borg), en P&eacute;rez Serra Publicidad, en la Agencia Preloker Publicidad y dibujante en la Agencia Besada.<\/p>\n<p>Como historietista inicia su actividad en la revista &ldquo;El Soldado Argentino&rdquo; del Ej&eacute;rcito Nacional con la ilustraci&oacute;n del Mart&iacute;n Fierro de Jos&eacute; Hern&aacute;ndez. (1949). Actividad que contin&uacute;a en las Revistas &ldquo;El Gorri&oacute;n&rdquo;, &ldquo;Rayo Rojo&rdquo;, &ldquo;Tit-Bis&rdquo;, Pu&ntilde;o Fuerte, etc.<\/p>\n<p>En 1951 comienza a publicar &ldquo;El Cabo Savino&rdquo; en el Diario &ldquo;La Raz&oacute;n&rdquo;, republicado en el diario &ldquo;El D&iacute;a&rdquo; de La Plata, &ldquo;La Arena&rdquo; de La Pampa, &ldquo;La Capital&rdquo; de Mar del Plata, &ldquo;La Gaceta&rdquo; de Tucum&aacute;n, &ldquo;La voz del Interior&rdquo; de C&oacute;rdoba.<\/p>\n<p>Entre 1956 y 1986 publica para Editorial Columba &ndash; Revista &ldquo;El Tony&rdquo;. Con much&iacute;simos personajes durante treinta a&ntilde;os.<\/p>\n<p>En 1982 participa de la filmaci&oacute;n de su personaje &ldquo;Cabo Savino&rdquo; con 3 episodios, como guionista y asesor hist&oacute;rico. La m&uacute;sica fue de su autor&iacute;a. Producci&oacute;n Canal 10 de Tucum&aacute;n.<\/p>\n<p>En el 2002 da clases de dibujo, ilustraci&oacute;n y gui&oacute;n en IUPA, Instituto Universitario Patag&oacute;nico de Arte, General Roca.<\/p>\n<p>Colaborador permanente en el Diario R&iacute;o Negro desde 1990 hasta el 2014.<\/p>\n<p>Cuatro trabajos emblem&aacute;ticos son&nbsp; producto del Calendario Oficial del La Universidad de Rio Negro, Viedma, R&iacute;o Negro del a&ntilde;o 2016.<\/p>\n<p>Hasta sus &uacute;ltimos d&iacute;as continu&oacute; trabajando como pintor costumbrista, historietista y m&uacute;sico percusionista, radicado en la ciudad de sus amores, San Carlos de Bariloche, donde falleci&oacute;.<\/p>\n<\/body><\/html>\n","protected":false},"excerpt":{"rendered":"El artista se especializ\u00f3 en temas gauchescos con la realizaci\u00f3n de m\u00e1s de 7000 planchas, dibujante de innumerables guionistas, m\u00fasico y hacedor de m\u00faltiples actividades culturales en la comunidad. La muestra estar\u00e1 hasta el 30 de junio.","protected":false},"author":2,"featured_media":92562,"comment_status":"open","ping_status":"open","sticky":false,"template":"","format":"standard","meta":[],"categories":[7],"tags":[],"_links":{"self":[{"href":"https:\/\/www.mendoza.gov.ar\/prensa\/wp-json\/wp\/v2\/posts\/92561"}],"collection":[{"href":"https:\/\/www.mendoza.gov.ar\/prensa\/wp-json\/wp\/v2\/posts"}],"about":[{"href":"https:\/\/www.mendoza.gov.ar\/prensa\/wp-json\/wp\/v2\/types\/post"}],"author":[{"embeddable":true,"href":"https:\/\/www.mendoza.gov.ar\/prensa\/wp-json\/wp\/v2\/users\/2"}],"replies":[{"embeddable":true,"href":"https:\/\/www.mendoza.gov.ar\/prensa\/wp-json\/wp\/v2\/comments?post=92561"}],"version-history":[{"count":0,"href":"https:\/\/www.mendoza.gov.ar\/prensa\/wp-json\/wp\/v2\/posts\/92561\/revisions"}],"wp:featuredmedia":[{"embeddable":true,"href":"https:\/\/www.mendoza.gov.ar\/prensa\/wp-json\/wp\/v2\/media\/92562"}],"wp:attachment":[{"href":"https:\/\/www.mendoza.gov.ar\/prensa\/wp-json\/wp\/v2\/media?parent=92561"}],"wp:term":[{"taxonomy":"category","embeddable":true,"href":"https:\/\/www.mendoza.gov.ar\/prensa\/wp-json\/wp\/v2\/categories?post=92561"},{"taxonomy":"post_tag","embeddable":true,"href":"https:\/\/www.mendoza.gov.ar\/prensa\/wp-json\/wp\/v2\/tags?post=92561"}],"curies":[{"name":"wp","href":"https:\/\/api.w.org\/{rel}","templated":true}]}}