{"id":92750,"date":"2017-06-06T11:30:34","date_gmt":"2017-06-06T14:30:34","guid":{"rendered":"http:\/\/prensa.mendoza.gov.ar\/?p=92750"},"modified":"2017-06-06T11:30:34","modified_gmt":"2017-06-06T14:30:34","slug":"ambiente-distinguido-por-la-universidad-de-congreso","status":"publish","type":"post","link":"https:\/\/www.mendoza.gov.ar\/prensa\/ambiente-distinguido-por-la-universidad-de-congreso\/","title":{"rendered":"La Secretar\u00eda de Ambiente, distinguida por la Universidad de Congreso"},"content":{"rendered":"<!DOCTYPE html PUBLIC \"-\/\/W3C\/\/DTD HTML 4.0 Transitional\/\/EN\" \"http:\/\/www.w3.org\/TR\/REC-html40\/loose.dtd\">\n<html><body><p>Autoridades de la Universidad de Congreso distinguieron en varias categor&iacute;as a la Secretar&iacute;a de Ambiente y Ordenamiento Territorial. Una de ellas fue al organismo y se trat&oacute; de una &ldquo;Menci&oacute;n Especial al Compromiso Ambiental&rdquo;.<\/p>\n<p>La gesti&oacute;n del secretario de Ambiente y Ordenamiento Territorial, Humberto Mingorance, tambi&eacute;n recibi&oacute; un reconocimiento. Otro fue para la coordinaci&oacute;n de Unicipio, a cargo de Graciela Marty, y un tercero para la gesti&oacute;n de Ecoparque, a su&nbsp;directora, Mariana Caram.<\/p>\n<p>El secretario de Ambiente agradeci&oacute; a la universidad la distinci&oacute;n y al referirse al reconocimiento de Unicipio, explic&oacute;: &ldquo;La decisi&oacute;n de crear Unicipio es un desaf&iacute;o que muy pocos lugares del mundo se atrevieron a emprender. No existen muchos casos exitosos de jurisdicciones diferentes que se dispongan a unificar sus pol&iacute;ticas p&uacute;blicas para lograr gestiones m&aacute;s eficiente y efectivas. Esto significa econom&iacute;a de tiempos y dinero, en todas las obras, para mejorar la calidad de vida de la gente&rdquo;.<\/p>\n<p>Esta menci&oacute;n premia la gesti&oacute;n integrada del territorio en las diferentes problem&aacute;ticas que han decidido abordar conjuntamente los municipios de Capital, Godoy Cruz, Maip&uacute;, Luj&aacute;n, Las Heras, Guaymall&eacute;n y Lavalle. Lo que desde la instituci&oacute;n acad&eacute;mica se intent&oacute; poner en valor con esta menci&oacute;n es la decisi&oacute;n de coordinar las pol&iacute;ticas p&uacute;blicas referidas a temas como residuos s&oacute;lidos urbanos, movilidad (como la Red de Ciclov&iacute;a 2030), arbolado p&uacute;blico, acciones de turismo, cultura y deporte y tambi&eacute;n seguridad.<\/p>\n<p>Las distinciones se efectuaron en el marco de un evento que tradicionalmente realiza la Universidad de Congreso para el D&iacute;a del Ambiente -en su&nbsp;15&ordf; edici&oacute;n-, organizado por la Facultad de Ambiente, Arquitectura y Urbanismo y por el Instituto de Gesti&oacute;n Ambiental.<\/p>\n<p><a href=\"https:\/\/www.mendoza.gov.ar\/prensa\/wp-content\/uploads\/sites\/23\/0IB_8503.jpg\"><img loading=\"lazy\" class=\"alignnone wp-image-92753 img-responsive center-block\" src=\"https:\/\/www.mendoza.gov.ar\/prensa\/wp-content\/uploads\/sites\/23\/0IB_8503.jpg\" alt=\"\" width=\"650\" height=\"432\"><\/a><\/p>\n<\/body><\/html>\n","protected":false},"excerpt":{"rendered":"Recibi\u00f3 una\u00a0\u201cMenci\u00f3n Especial al Compromiso Ambiental\u201d por parte de las\u00a0autoridades de la Universidad de Congreso. Una por la gesti\u00f3n de su titular, Humberto Mingorance; otra para la coordinaci\u00f3n de Unicipio y otra para la gesti\u00f3n de Ecoparque.","protected":false},"author":2,"featured_media":92754,"comment_status":"open","ping_status":"open","sticky":false,"template":"","format":"standard","meta":[],"categories":[3],"tags":[],"_links":{"self":[{"href":"https:\/\/www.mendoza.gov.ar\/prensa\/wp-json\/wp\/v2\/posts\/92750"}],"collection":[{"href":"https:\/\/www.mendoza.gov.ar\/prensa\/wp-json\/wp\/v2\/posts"}],"about":[{"href":"https:\/\/www.mendoza.gov.ar\/prensa\/wp-json\/wp\/v2\/types\/post"}],"author":[{"embeddable":true,"href":"https:\/\/www.mendoza.gov.ar\/prensa\/wp-json\/wp\/v2\/users\/2"}],"replies":[{"embeddable":true,"href":"https:\/\/www.mendoza.gov.ar\/prensa\/wp-json\/wp\/v2\/comments?post=92750"}],"version-history":[{"count":0,"href":"https:\/\/www.mendoza.gov.ar\/prensa\/wp-json\/wp\/v2\/posts\/92750\/revisions"}],"wp:featuredmedia":[{"embeddable":true,"href":"https:\/\/www.mendoza.gov.ar\/prensa\/wp-json\/wp\/v2\/media\/92754"}],"wp:attachment":[{"href":"https:\/\/www.mendoza.gov.ar\/prensa\/wp-json\/wp\/v2\/media?parent=92750"}],"wp:term":[{"taxonomy":"category","embeddable":true,"href":"https:\/\/www.mendoza.gov.ar\/prensa\/wp-json\/wp\/v2\/categories?post=92750"},{"taxonomy":"post_tag","embeddable":true,"href":"https:\/\/www.mendoza.gov.ar\/prensa\/wp-json\/wp\/v2\/tags?post=92750"}],"curies":[{"name":"wp","href":"https:\/\/api.w.org\/{rel}","templated":true}]}}