{"id":93023,"date":"2017-06-08T11:24:00","date_gmt":"2017-06-08T14:24:00","guid":{"rendered":"http:\/\/prensa.mendoza.gov.ar\/?p=93023"},"modified":"2017-06-08T11:24:00","modified_gmt":"2017-06-08T14:24:00","slug":"nuevos-desvios-en-diversos-puntos-del-gran-mendoza","status":"publish","type":"post","link":"https:\/\/www.mendoza.gov.ar\/prensa\/nuevos-desvios-en-diversos-puntos-del-gran-mendoza\/","title":{"rendered":"Nuevos desv\u00edos en diversos puntos del Gran Mendoza"},"content":{"rendered":"<!DOCTYPE html PUBLIC \"-\/\/W3C\/\/DTD HTML 4.0 Transitional\/\/EN\" \"http:\/\/www.w3.org\/TR\/REC-html40\/loose.dtd\">\n<html><body><div>\n<div id=\"m_-3636043819089999601x_divRplyFwdMsg\" dir=\"ltr\">Dos de los municipios del Gran Mendoza, Guaymall&eacute;n y Godoy Cruz respectivamente, contin&uacute;an trabajando en la renovaci&oacute;n de arterias y principales accesos. Por ello,&nbsp;se ver&aacute;n&nbsp;afectan las trazas habituales de los&nbsp;colectivos que circulan por esas zonas.<\/div>\n<div dir=\"ltr\"><\/div>\n<div dir=\"ltr\">En caso de&nbsp;Guaymall&eacute;n, se remodelar&aacute; la calle Goyena,&nbsp;esquina 9 de Julio. Por lo tanto, la L&iacute;nea 163 del Grupo 9 realizar&aacute; su recorrido por Goyena, 9 de Julio, Everest, Ayala, Goyena. Las modificaciones ser&aacute;n hasta la finalizaci&oacute;n de la&nbsp;obra.<\/div>\n<div dir=\"ltr\"><\/div>\n<div dir=\"ltr\">En Godoy Cruz se realizan tareas de alcantarillado en la calle Chuquisaca entre Pablo Iglesias y Chapanay, por lo que durante 30 d&iacute;as aproximadamente la L&iacute;nea 34 del Grupo 3 y la L&iacute;nea 61 del Grupo 6 circular&aacute; por Chuquisaca, Iglesias, Pirovano, Chapanay y retomar&aacute; el&nbsp;recorrido habitual. Todos estos desv&iacute;os y los que contin&uacute;an vigentes&nbsp;en el Gran Mendoza pueden ser consultados a&nbsp;trav&eacute;s de la aplicaci&oacute;n &ldquo;Mi Recorrido&rdquo; o mediante Facebook.<\/div>\n<\/div>\n<p>&nbsp;<\/p>\n<\/body><\/html>\n","protected":false},"excerpt":{"rendered":"Los departamentos de\u00a0Guaymall\u00e9n y Godoy Cruz contin\u00faan renovando sus calles, por lo que se modificar\u00e1n algunos recorridos de transporte p\u00fablico.\n","protected":false},"author":2,"featured_media":93024,"comment_status":"open","ping_status":"open","sticky":false,"template":"","format":"standard","meta":[],"categories":[34],"tags":[],"_links":{"self":[{"href":"https:\/\/www.mendoza.gov.ar\/prensa\/wp-json\/wp\/v2\/posts\/93023"}],"collection":[{"href":"https:\/\/www.mendoza.gov.ar\/prensa\/wp-json\/wp\/v2\/posts"}],"about":[{"href":"https:\/\/www.mendoza.gov.ar\/prensa\/wp-json\/wp\/v2\/types\/post"}],"author":[{"embeddable":true,"href":"https:\/\/www.mendoza.gov.ar\/prensa\/wp-json\/wp\/v2\/users\/2"}],"replies":[{"embeddable":true,"href":"https:\/\/www.mendoza.gov.ar\/prensa\/wp-json\/wp\/v2\/comments?post=93023"}],"version-history":[{"count":0,"href":"https:\/\/www.mendoza.gov.ar\/prensa\/wp-json\/wp\/v2\/posts\/93023\/revisions"}],"wp:featuredmedia":[{"embeddable":true,"href":"https:\/\/www.mendoza.gov.ar\/prensa\/wp-json\/wp\/v2\/media\/93024"}],"wp:attachment":[{"href":"https:\/\/www.mendoza.gov.ar\/prensa\/wp-json\/wp\/v2\/media?parent=93023"}],"wp:term":[{"taxonomy":"category","embeddable":true,"href":"https:\/\/www.mendoza.gov.ar\/prensa\/wp-json\/wp\/v2\/categories?post=93023"},{"taxonomy":"post_tag","embeddable":true,"href":"https:\/\/www.mendoza.gov.ar\/prensa\/wp-json\/wp\/v2\/tags?post=93023"}],"curies":[{"name":"wp","href":"https:\/\/api.w.org\/{rel}","templated":true}]}}