{"id":93198,"date":"2017-06-09T11:50:47","date_gmt":"2017-06-09T14:50:47","guid":{"rendered":"http:\/\/prensa.mendoza.gov.ar\/?p=93198"},"modified":"2017-06-09T11:50:47","modified_gmt":"2017-06-09T14:50:47","slug":"ambiente-secuestro-dos-nandues-victimas-de-la-tenencia-ilegal","status":"publish","type":"post","link":"https:\/\/www.mendoza.gov.ar\/prensa\/ambiente-secuestro-dos-nandues-victimas-de-la-tenencia-ilegal\/","title":{"rendered":"Ambiente secuestr\u00f3 dos \u00f1and\u00faes v\u00edctimas de la tenencia ilegal"},"content":{"rendered":"<!DOCTYPE html PUBLIC \"-\/\/W3C\/\/DTD HTML 4.0 Transitional\/\/EN\" \"http:\/\/www.w3.org\/TR\/REC-html40\/loose.dtd\">\n<html><body><p>La Secretar&iacute;a de Ambiente y Ordenamiento Territorial, a trav&eacute;s de la Delegaci&oacute;n Valle de Uco de la Direcci&oacute;n de Recursos Naturales Renovables, junto con efectivos de Polic&iacute;a Rural, realiz&oacute; un allanamiento en un domicilio rural del departamento de San Carlos en donde se constat&oacute; la tenencia ilegal de dos &ntilde;and&uacute;es juveniles que fueron retirados de la vivienda. El operativo se realiz&oacute; tras recibir una denuncia an&oacute;nima que expon&iacute;a la presencia de estos animales en el domicilio allanado. Luego de un trabajo de investigaci&oacute;n por parte del personal de la secretar&iacute;a, se realiz&oacute; el operativo con la orden de allanamiento correspondiente.<\/p>\n<p><a href=\"https:\/\/www.mendoza.gov.ar\/prensa\/wp-content\/uploads\/sites\/23\/WhatsApp-Image-2017-06-09-at-10.50.48-AM.jpeg\"><img loading=\"lazy\" class=\"alignnone wp-image-93200 img-responsive center-block\" src=\"https:\/\/www.mendoza.gov.ar\/prensa\/wp-content\/uploads\/sites\/23\/WhatsApp-Image-2017-06-09-at-10.50.48-AM.jpeg\" alt=\"\" width=\"650\" height=\"488\"><\/a><\/p>\n<p>Los dos juveniles encontrados ser&aacute;n liberados en la reserva de YPF de&nbsp;Luj&aacute;n de Cuyo.<\/p>\n<p>La fauna silvestre de la provincia de Mendoza est&aacute; protegida y por lo tanto su tenencia es ilegal, seg&uacute;n la Ley Nacional de Fauna 22421, la Ley Provincial de adhesi&oacute;n 4602, su modificatoria la Ley 7308 y el Decreto Reglamentario 1890\/05.<\/p>\n<p>Quienes deseen brindar informaci&oacute;n sobre ejemplares de fauna silvestre heridos o denunciar casos de caza o tenencia ilegal pueden hacerlo a trav&eacute;s del portal de denuncia en el sitio de internet de ambiente: www.mendoza.gov.ar\/ambiente. Adem&aacute;s, comunicarse telef&oacute;nicamente a la Direcci&oacute;n de Recursos Naturales Renovables a los tel&eacute;fonos 4252090 y 4257065, de 8 a 13, de lunes a viernes o al 911 (Polic&iacute;a de Seguridad Rural de Mendoza).<\/p>\n<\/body><\/html>\n","protected":false},"excerpt":{"rendered":"El operativo se realiz\u00f3 en San Carlos junto a la Polic\u00eda Rural.","protected":false},"author":2,"featured_media":93199,"comment_status":"open","ping_status":"open","sticky":false,"template":"","format":"standard","meta":[],"categories":[3],"tags":[],"_links":{"self":[{"href":"https:\/\/www.mendoza.gov.ar\/prensa\/wp-json\/wp\/v2\/posts\/93198"}],"collection":[{"href":"https:\/\/www.mendoza.gov.ar\/prensa\/wp-json\/wp\/v2\/posts"}],"about":[{"href":"https:\/\/www.mendoza.gov.ar\/prensa\/wp-json\/wp\/v2\/types\/post"}],"author":[{"embeddable":true,"href":"https:\/\/www.mendoza.gov.ar\/prensa\/wp-json\/wp\/v2\/users\/2"}],"replies":[{"embeddable":true,"href":"https:\/\/www.mendoza.gov.ar\/prensa\/wp-json\/wp\/v2\/comments?post=93198"}],"version-history":[{"count":0,"href":"https:\/\/www.mendoza.gov.ar\/prensa\/wp-json\/wp\/v2\/posts\/93198\/revisions"}],"wp:featuredmedia":[{"embeddable":true,"href":"https:\/\/www.mendoza.gov.ar\/prensa\/wp-json\/wp\/v2\/media\/93199"}],"wp:attachment":[{"href":"https:\/\/www.mendoza.gov.ar\/prensa\/wp-json\/wp\/v2\/media?parent=93198"}],"wp:term":[{"taxonomy":"category","embeddable":true,"href":"https:\/\/www.mendoza.gov.ar\/prensa\/wp-json\/wp\/v2\/categories?post=93198"},{"taxonomy":"post_tag","embeddable":true,"href":"https:\/\/www.mendoza.gov.ar\/prensa\/wp-json\/wp\/v2\/tags?post=93198"}],"curies":[{"name":"wp","href":"https:\/\/api.w.org\/{rel}","templated":true}]}}