{"id":93406,"date":"2017-06-10T18:28:22","date_gmt":"2017-06-10T21:28:22","guid":{"rendered":"http:\/\/prensa.mendoza.gov.ar\/?p=93406"},"modified":"2017-06-10T18:28:22","modified_gmt":"2017-06-10T21:28:22","slug":"dia-de-la-seguridad-vial-la-provincia-y-los-municipios-junto-a-la-nacion-en-una-tarea-coordinada-para-concientizar-y-reflexionar","status":"publish","type":"post","link":"https:\/\/www.mendoza.gov.ar\/prensa\/dia-de-la-seguridad-vial-la-provincia-y-los-municipios-junto-a-la-nacion-en-una-tarea-coordinada-para-concientizar-y-reflexionar\/","title":{"rendered":"D\u00eda de la Seguridad Vial: trabajo coordinado entre Provincia, municipios y Naci\u00f3n"},"content":{"rendered":"<!DOCTYPE html PUBLIC \"-\/\/W3C\/\/DTD HTML 4.0 Transitional\/\/EN\" \"http:\/\/www.w3.org\/TR\/REC-html40\/loose.dtd\">\n<html><body><p>Cada 10 de junio, las provincias del pa&iacute;s conmemoran el D&iacute;a de la Seguridad Vial, y Mendoza realiz&oacute; un acto para recordar a todas aquellas personas que perdieron su vida en accidentes de tr&aacute;nsito.<\/p>\n<p>En esta ocasi&oacute;n, se realiz&oacute; en Guaymall&eacute;n. Estuvieron autoridades de la Agencia Nacional de Seguridad Vial, del Gobierno Provincial y padres y familiares de la ONG Compromiso Vial x Mendoza.<\/p>\n<p>&ldquo;Desde nuestro Gobierno, estas acciones son multidisciplinarias, participan todos los sectores. Entendemos que si no trabajamos entre todos, no podemos combatir los graves problemas de seguridad vial en la provincia&rdquo;, destac&oacute; el secretario de Servicios P&uacute;blicos de Mendoza, Natalio Mema. &ldquo;No hay magia en materia de seguridad vial. Es control y autoconocimiento de las personas&rdquo;, se&ntilde;al&oacute; Gianni Venier, ministro de Justicia y Seguridad de la Provincia.<\/p>\n<p><a href=\"https:\/\/www.mendoza.gov.ar\/prensa\/wp-content\/uploads\/sites\/23\/0IB_8809.jpg\"><img loading=\"lazy\" class=\"alignnone wp-image-93411 img-responsive center-block\" src=\"https:\/\/www.mendoza.gov.ar\/prensa\/wp-content\/uploads\/sites\/23\/0IB_8809.jpg\" alt=\"\" width=\"650\" height=\"432\"><\/a><\/p>\n<p>Por su parte, el intendente de Guaymall&eacute;n, Marcelino Iglesias, remarc&oacute;: &ldquo;Cualquier estad&iacute;stica est&aacute; sobredimensionada acerca de lo que se podr&iacute;a evitar. Es nuestra responsabilidad tener prudencia. Los que somos funcionarios p&uacute;blicos tenemos la m&aacute;xima responsabilidad de hacer cumplir la ley&rdquo;.<\/p>\n<p>Carlos P&eacute;rez, director de la Agencia Nacional de Seguridad Vial, se&ntilde;al&oacute;: &ldquo;Mendoza est&aacute; haciendo muy bien las cosas en materia de Seguridad Vial. Vamos a publicar unos informes que estuvimos haciendo todo el a&ntilde;o en donde se sit&uacute;a a la regi&oacute;n de Cuyo como una de las regiones donde se sostienen mucho mejor los &iacute;ndices que tienen que ver con la seguridad vial, como uso del cintur&oacute;n de seguridad o el uso de cascos&rdquo;.<\/p>\n<p>La actividad se realiz&oacute; en el marco del Tercer Congreso Argentino de Seguridad Vial, que se llevar&aacute; a cabo el 15 y 16 de junio en el Centro de Congresos y Exposiciones y que constar&aacute; de diferentes actividades, pero siempre con un &uacute;nico objetivo: concientizar para prevenir accidentes.<\/p>\n<p><a href=\"https:\/\/www.mendoza.gov.ar\/prensa\/wp-content\/uploads\/sites\/23\/0IB_8807.jpg\"><img loading=\"lazy\" class=\"alignnone wp-image-93412 img-responsive center-block\" src=\"https:\/\/www.mendoza.gov.ar\/prensa\/wp-content\/uploads\/sites\/23\/0IB_8807.jpg\" alt=\"\" width=\"650\" height=\"432\"><\/a><\/p>\n<p><strong>&iquest;Por qu&eacute; se celebra el D&iacute;a Nacional de la Seguridad Vial?<\/strong><\/p>\n<p>Este d&iacute;a surgi&oacute; en 1945, cuando la Administraci&oacute;n General de Vialidad Nacional comunic&oacute; el cambio de mano de circulaci&oacute;n de los veh&iacute;culos a la derecha, ya que hasta ese momento se utilizaba la costumbre inglesa de hacerlo por la izquierda. Tambi&eacute;n se acord&oacute; realizar, todos los a&ntilde;os, campa&ntilde;as de publicidad a fin de prevenir todo tipo de accidentes automovil&iacute;sticos.<\/p>\n<\/body><\/html>\n","protected":false},"excerpt":{"rendered":"Con la presencia de autoridades nacionales, provinciales y de los padres de la ONG Compromiso Vial x Mendoza, se vivi\u00f3 en Guaymall\u00e9n una jornada de reflexi\u00f3n sobre la importancia de que todos los actores que forman parte del espacio vial sean responsables al momento de movilizarse.","protected":false},"author":2,"featured_media":93410,"comment_status":"open","ping_status":"open","sticky":false,"template":"","format":"standard","meta":[],"categories":[34],"tags":[],"_links":{"self":[{"href":"https:\/\/www.mendoza.gov.ar\/prensa\/wp-json\/wp\/v2\/posts\/93406"}],"collection":[{"href":"https:\/\/www.mendoza.gov.ar\/prensa\/wp-json\/wp\/v2\/posts"}],"about":[{"href":"https:\/\/www.mendoza.gov.ar\/prensa\/wp-json\/wp\/v2\/types\/post"}],"author":[{"embeddable":true,"href":"https:\/\/www.mendoza.gov.ar\/prensa\/wp-json\/wp\/v2\/users\/2"}],"replies":[{"embeddable":true,"href":"https:\/\/www.mendoza.gov.ar\/prensa\/wp-json\/wp\/v2\/comments?post=93406"}],"version-history":[{"count":0,"href":"https:\/\/www.mendoza.gov.ar\/prensa\/wp-json\/wp\/v2\/posts\/93406\/revisions"}],"wp:featuredmedia":[{"embeddable":true,"href":"https:\/\/www.mendoza.gov.ar\/prensa\/wp-json\/wp\/v2\/media\/93410"}],"wp:attachment":[{"href":"https:\/\/www.mendoza.gov.ar\/prensa\/wp-json\/wp\/v2\/media?parent=93406"}],"wp:term":[{"taxonomy":"category","embeddable":true,"href":"https:\/\/www.mendoza.gov.ar\/prensa\/wp-json\/wp\/v2\/categories?post=93406"},{"taxonomy":"post_tag","embeddable":true,"href":"https:\/\/www.mendoza.gov.ar\/prensa\/wp-json\/wp\/v2\/tags?post=93406"}],"curies":[{"name":"wp","href":"https:\/\/api.w.org\/{rel}","templated":true}]}}