{"id":93425,"date":"2017-06-12T08:39:12","date_gmt":"2017-06-12T11:39:12","guid":{"rendered":"http:\/\/prensa.mendoza.gov.ar\/?p=93425"},"modified":"2017-06-12T08:39:12","modified_gmt":"2017-06-12T11:39:12","slug":"emplazamiento-y-modernizacion-de-estaciones-meteorologicas","status":"publish","type":"post","link":"https:\/\/www.mendoza.gov.ar\/prensa\/emplazamiento-y-modernizacion-de-estaciones-meteorologicas\/","title":{"rendered":"Emplazamiento y modernizaci\u00f3n de estaciones meteorol\u00f3gicas\u00a0"},"content":{"rendered":"<!DOCTYPE html PUBLIC \"-\/\/W3C\/\/DTD HTML 4.0 Transitional\/\/EN\" \"http:\/\/www.w3.org\/TR\/REC-html40\/loose.dtd\">\n<html><body><p>La Agencia de Cambio Clim&aacute;tico, dependiente de la Secretar&iacute;a de Ambiente y Ordenamiento Territorial, moderniz&oacute; estaciones meteorol&oacute;gicas y realiz&oacute; nuevos emplazamientos. Lo hizo en el marco de un financiamiento no reembolsable del Banco Interamericano de Desarrollo (BID) y con la colaboraci&oacute;n del Departamento General de Irrigaci&oacute;n y el Instituto Argentino de Nivolog&iacute;a, Glaciolog&iacute;a y Ciencias Ambientales (Ianiglia-Conicet).<\/p>\n<p>El coordinador de la Agencia de cambio Clim&aacute;tico, Sebasti&aacute;n Melchor, explic&oacute;: &ldquo;Durante 2016 y los primeros meses de 2017, se llev&oacute; adelante la compra del instrumental necesario para la totalidad de las estaciones y para la instalaci&oacute;n de 6 estaciones nivometeorol&oacute;gicas por parte de Ianiglia en Las Cuevas, Cristo Redentor, Punta de Vacas, Vallecitos, Morenas Coloradas y Aguaditas&rdquo;.<\/p>\n<p>Esta red le permitir&aacute; a la provincia de Mendoza contar con un sistema de monitoreo en tiempo real de las condiciones clim&aacute;ticas en alta cordillera permitiendo crear un sistema de evaluaci&oacute;n de riesgos y alertas tempranas.<\/p>\n<p>&ldquo;Durante el corriente a&ntilde;o y comienzo de 2018 se realizar&aacute;n las actualizaciones e instalaci&oacute;n de las restantes estaciones para completar las 29 en alta monta&ntilde;a&rdquo;, concluy&oacute; el funcionario.<\/p>\n<\/body><\/html>\n","protected":false},"excerpt":{"rendered":"Se realizan acciones para mejorar la base de informaci\u00f3n y an\u00e1lisis del recurso h\u00eddrico y las principales variables clim\u00e1ticas.","protected":false},"author":2,"featured_media":0,"comment_status":"open","ping_status":"open","sticky":false,"template":"","format":"standard","meta":[],"categories":[3],"tags":[],"_links":{"self":[{"href":"https:\/\/www.mendoza.gov.ar\/prensa\/wp-json\/wp\/v2\/posts\/93425"}],"collection":[{"href":"https:\/\/www.mendoza.gov.ar\/prensa\/wp-json\/wp\/v2\/posts"}],"about":[{"href":"https:\/\/www.mendoza.gov.ar\/prensa\/wp-json\/wp\/v2\/types\/post"}],"author":[{"embeddable":true,"href":"https:\/\/www.mendoza.gov.ar\/prensa\/wp-json\/wp\/v2\/users\/2"}],"replies":[{"embeddable":true,"href":"https:\/\/www.mendoza.gov.ar\/prensa\/wp-json\/wp\/v2\/comments?post=93425"}],"version-history":[{"count":0,"href":"https:\/\/www.mendoza.gov.ar\/prensa\/wp-json\/wp\/v2\/posts\/93425\/revisions"}],"wp:attachment":[{"href":"https:\/\/www.mendoza.gov.ar\/prensa\/wp-json\/wp\/v2\/media?parent=93425"}],"wp:term":[{"taxonomy":"category","embeddable":true,"href":"https:\/\/www.mendoza.gov.ar\/prensa\/wp-json\/wp\/v2\/categories?post=93425"},{"taxonomy":"post_tag","embeddable":true,"href":"https:\/\/www.mendoza.gov.ar\/prensa\/wp-json\/wp\/v2\/tags?post=93425"}],"curies":[{"name":"wp","href":"https:\/\/api.w.org\/{rel}","templated":true}]}}