{"id":93555,"date":"2017-06-12T20:16:06","date_gmt":"2017-06-12T23:16:06","guid":{"rendered":"http:\/\/prensa.mendoza.gov.ar\/?p=93555"},"modified":"2017-06-12T20:16:06","modified_gmt":"2017-06-12T23:16:06","slug":"osep-inauguro-area-de-nutricion-y-alimentacion","status":"publish","type":"post","link":"https:\/\/www.mendoza.gov.ar\/prensa\/osep-inauguro-area-de-nutricion-y-alimentacion\/","title":{"rendered":"OSEP inaugur\u00f3 \u00e1rea de Nutrici\u00f3n y Alimentaci\u00f3n"},"content":{"rendered":"<!DOCTYPE html PUBLIC \"-\/\/W3C\/\/DTD HTML 4.0 Transitional\/\/EN\" \"http:\/\/www.w3.org\/TR\/REC-html40\/loose.dtd\">\n<html><body><p>Para mejorar la calidad de vida, el&nbsp;bienestar y proveer seguridad alimentaria a sus pacientes, la Obra Social de Empleados P&uacute;blicos (OSEP) present&oacute; un nuevo departamento orientado a la Nutrici&oacute;n y Alimentaci&oacute;n.<\/p>\n<p>El encuentro fue en el SUM I del edificio Xeltahuina, Salta 877, de Ciudad. All&iacute; estuvieron el director general de OSEP, Sergio Vergara; Teresa Z&aacute;rate de Lara, titular de Atenci&oacute;n a la Salud; y Silvina Rodr&iacute;guez Blanco, coordinadora de la nueva &aacute;rea, quien fue la encargada de explicar los alcances del proyecto. Explic&oacute; que el programa busca contribuir a prestar un servicio de salud de&nbsp;modo eficiente, coordinado, integral, oportuno y equitativo, con el mejor nivel cient&iacute;fico y&nbsp; t&eacute;cnico. Adem&aacute;s, promueve mejorar la calidad de vida, el bienestar y la seguridad alimentaria de los afiliados.&nbsp;Asimismo, se busca tambi&eacute;n el uso racional de los recursos, la actividad creativa y la comunicaci&oacute;n de los integrantes del departamento.<\/p>\n<p><strong> Actividades del Departamento de Nutrici&oacute;n y Alimentaci&oacute;n<\/strong><\/p>\n<p>&ndash; Unificar la n&oacute;mina de licenciados en Nutrici&oacute;n de la obra social en toda la provincia.<br>\n&ndash; Conocer datos, t&iacute;tulos, especialidades y funciones que desempe&ntilde;an, seg&uacute;n efectores a los que pertenecen.<br>\n&ndash; Formar un equipo de trabajo con referentes de las distintas &aacute;reas y programas.<br>\n&ndash; Facilitar la coordinaci&oacute;n y la l&iacute;nea de comunicaci&oacute;n entre todos los integrantes.<br>\n&ndash; Realizar reuniones peri&oacute;dicas con equipos de trabajo seg&uacute;n prioridades de temas.<br>\n&ndash; Facilitar la presentaci&oacute;n de informes a la Direcci&oacute;n de Salud de la OSEP.<br>\n&ndash; Crear espacios de capacitaci&oacute;n permanente.<br>\n&ndash; Establecer protocolos de atenci&oacute;n para patolog&iacute;as y procedimientos de programas.<br>\n&ndash; Implementar estrategias de control bromatol&oacute;gico en todos los establecimientos en los que se elaboren y manipulen raciones alimentarias.<br>\n&ndash; Dise&ntilde;ar programas por sistema con indicadores a evaluar.<br>\n&ndash; Orientaci&oacute;n permanente para el personal del Departamento de Nutrici&oacute;n.<br>\n&ndash; Participar y articular acciones en los Consejos y Foros convocados por Ministerios de la Provincia.<br>\n&ndash; Actuar en modelos de atenci&oacute;n en el marco de las leyes provinciales o nacionales que lo requieran.<\/p>\n<\/body><\/html>\n","protected":false},"excerpt":{"rendered":"El servicio que busca unificar criterios, optimizar recursos y facilitar el acceso a los afiliados.","protected":false},"author":2,"featured_media":0,"comment_status":"open","ping_status":"open","sticky":false,"template":"","format":"standard","meta":[],"categories":[30],"tags":[],"_links":{"self":[{"href":"https:\/\/www.mendoza.gov.ar\/prensa\/wp-json\/wp\/v2\/posts\/93555"}],"collection":[{"href":"https:\/\/www.mendoza.gov.ar\/prensa\/wp-json\/wp\/v2\/posts"}],"about":[{"href":"https:\/\/www.mendoza.gov.ar\/prensa\/wp-json\/wp\/v2\/types\/post"}],"author":[{"embeddable":true,"href":"https:\/\/www.mendoza.gov.ar\/prensa\/wp-json\/wp\/v2\/users\/2"}],"replies":[{"embeddable":true,"href":"https:\/\/www.mendoza.gov.ar\/prensa\/wp-json\/wp\/v2\/comments?post=93555"}],"version-history":[{"count":0,"href":"https:\/\/www.mendoza.gov.ar\/prensa\/wp-json\/wp\/v2\/posts\/93555\/revisions"}],"wp:attachment":[{"href":"https:\/\/www.mendoza.gov.ar\/prensa\/wp-json\/wp\/v2\/media?parent=93555"}],"wp:term":[{"taxonomy":"category","embeddable":true,"href":"https:\/\/www.mendoza.gov.ar\/prensa\/wp-json\/wp\/v2\/categories?post=93555"},{"taxonomy":"post_tag","embeddable":true,"href":"https:\/\/www.mendoza.gov.ar\/prensa\/wp-json\/wp\/v2\/tags?post=93555"}],"curies":[{"name":"wp","href":"https:\/\/api.w.org\/{rel}","templated":true}]}}