{"id":93711,"date":"2017-06-14T16:14:21","date_gmt":"2017-06-14T19:14:21","guid":{"rendered":"http:\/\/prensa.mendoza.gov.ar\/?p=93711"},"modified":"2019-03-11T10:03:43","modified_gmt":"2019-03-11T13:03:43","slug":"unicipio-capacitacion-tecnica-sobre-seguridad-ciudadana-para-personal-de-las-comunas-del-area-metropolitana","status":"publish","type":"post","link":"https:\/\/www.mendoza.gov.ar\/prensa\/unicipio-capacitacion-tecnica-sobre-seguridad-ciudadana-para-personal-de-las-comunas-del-area-metropolitana\/","title":{"rendered":"Unicipio: capacitaci\u00f3n t\u00e9cnica sobre Seguridad ciudadana para personal de las comunas del \u00c1rea Metropolitana"},"content":{"rendered":"<!DOCTYPE html PUBLIC \"-\/\/W3C\/\/DTD HTML 4.0 Transitional\/\/EN\" \"http:\/\/www.w3.org\/TR\/REC-html40\/loose.dtd\">\n<html><body><p>En el marco del programa de Desarrollo de &Aacute;reas Metropolitanas del Interior -conocido como DAMI I- el Ministerio de Seguridad de la Provincia de Mendoza ha comenzado un intenso trabajo de capacitaci&oacute;n t&eacute;cnica a personal municipal. La misma se llevar&aacute; a cabo a lo largo de varios meses y comprende aspectos te&oacute;ricos y pr&aacute;cticos. Desde la prevenci&oacute;n del delito, la planificaci&oacute;n del territorio enfocado en la Seguridad y las experiencias actuales con los Observatorios de Seguridad en nuestro pa&iacute;s y en Latinoam&eacute;rica; as&iacute; tambi&eacute;n como aspectos operativos de gesti&oacute;n de centros de monitoreo y control.<\/p>\n<p>Los departamentos integrantes de Unicipio -Capital, Guaymall&eacute;n, Lavalle, Godoy Cruz, Las Heras, Maip&uacute; y Luj&aacute;n- asistieron a los &uacute;ltimos encuentros representados no s&oacute;lo por su personal de las &aacute;reas de&nbsp; seguridad sino tambi&eacute;n sus referentes en Desarrollo Social, G&eacute;nero, Vivienda o Salud, ya que se entiende que el abordaje de esta delicada tem&aacute;tica s&oacute;lo puede hacerse de forma integral e interdisciplinaria.<\/p>\n<p>Asimismo, como parte del denominado <em>Sistema Integrado de Gesti&oacute;n y Monitoreo de Seguridad Ciudadana del &Aacute;rea Metropolitana del Gran Mendoza <\/em>se prev&eacute; la conformaci&oacute;n interjurisdiccional de un Consejo Metropolitano de Seguridad (Comeseg). En este Consejo participar&aacute;n los siete municipios mencionados a fin de mantener una debida coordinaci&oacute;n de los distintos niveles de gobierno provincial y municipal en lo que ata&ntilde;e al dise&ntilde;o de planes en materia de seguridad ciudadana del &Aacute;rea Metropolitana. Por medio de este Consejo se pretende entre otras medidas, canalizar las demandas ciudadanas para prevenir la violencia, realizar diagn&oacute;sticos sobre la situaci&oacute;n de inseguridad o facilitar la cooperaci&oacute;n entre lo p&uacute;blico y lo privado.<\/p>\n<p>Las &uacute;ltimas jornadas de capacitaci&oacute;n contaron con la moderaci&oacute;n de Enrique Zuleta Puceiro, de OPSM y, en coordinaci&oacute;n con la Universidad Nacional de Cuyo, expusieron disertantes tales como Gast&oacute;n Pezzuchi, Jorge Srur y Mart&iacute;n Nessi. El pr&oacute;ximo evento previsto se llevar&aacute; a cabo el lunes 3 de julio, a las 10, en el Aula Magna de la Facultad de Derecho de la Universidad Nacional de Cuyo. En la oportunidad expondr&aacute; Agust&iacute;n Salvia, director del Observatorio de la Deuda Social de la UCA, especialmente destinado a tratar <em>La Experiencia del Observatorio de la Deuda Social de la Universidad Cat&oacute;lica Argentina<\/em>.<\/p>\n<p>Esta iniciativa pone de manifiesto la necesidad y eficacia del Unicipio como &aacute;mbito para el an&aacute;lisis de las variables de seguridad a nivel metropolitano, ya que los factores pierden relevancia y eficacia si se trabajan desde una sola jurisdicci&oacute;n.<\/p>\n<\/body><\/html>\n","protected":false},"excerpt":{"rendered":"Participan referentes de las \u00e1reas de Seguridad, Desarrollo Social, G\u00e9nero, Vivienda y Salud porque  que se entiende que el abordaje de esta delicada tem\u00e1tica s\u00f3lo puede hacerse de forma integral e interdisciplinaria.","protected":false},"author":2,"featured_media":93713,"comment_status":"open","ping_status":"open","sticky":false,"template":"","format":"standard","meta":[],"categories":[3,1792],"tags":[],"_links":{"self":[{"href":"https:\/\/www.mendoza.gov.ar\/prensa\/wp-json\/wp\/v2\/posts\/93711"}],"collection":[{"href":"https:\/\/www.mendoza.gov.ar\/prensa\/wp-json\/wp\/v2\/posts"}],"about":[{"href":"https:\/\/www.mendoza.gov.ar\/prensa\/wp-json\/wp\/v2\/types\/post"}],"author":[{"embeddable":true,"href":"https:\/\/www.mendoza.gov.ar\/prensa\/wp-json\/wp\/v2\/users\/2"}],"replies":[{"embeddable":true,"href":"https:\/\/www.mendoza.gov.ar\/prensa\/wp-json\/wp\/v2\/comments?post=93711"}],"version-history":[{"count":1,"href":"https:\/\/www.mendoza.gov.ar\/prensa\/wp-json\/wp\/v2\/posts\/93711\/revisions"}],"predecessor-version":[{"id":175741,"href":"https:\/\/www.mendoza.gov.ar\/prensa\/wp-json\/wp\/v2\/posts\/93711\/revisions\/175741"}],"wp:featuredmedia":[{"embeddable":true,"href":"https:\/\/www.mendoza.gov.ar\/prensa\/wp-json\/wp\/v2\/media\/93713"}],"wp:attachment":[{"href":"https:\/\/www.mendoza.gov.ar\/prensa\/wp-json\/wp\/v2\/media?parent=93711"}],"wp:term":[{"taxonomy":"category","embeddable":true,"href":"https:\/\/www.mendoza.gov.ar\/prensa\/wp-json\/wp\/v2\/categories?post=93711"},{"taxonomy":"post_tag","embeddable":true,"href":"https:\/\/www.mendoza.gov.ar\/prensa\/wp-json\/wp\/v2\/tags?post=93711"}],"curies":[{"name":"wp","href":"https:\/\/api.w.org\/{rel}","templated":true}]}}