{"id":93753,"date":"2017-06-14T18:16:07","date_gmt":"2017-06-14T21:16:07","guid":{"rendered":"http:\/\/prensa.mendoza.gov.ar\/?p=93753"},"modified":"2017-06-14T18:16:07","modified_gmt":"2017-06-14T21:16:07","slug":"incorporan-en-osep-herramientas-y-capacitacion","status":"publish","type":"post","link":"https:\/\/www.mendoza.gov.ar\/prensa\/incorporan-en-osep-herramientas-y-capacitacion\/","title":{"rendered":"Incorporan en OSEP herramientas de gesti\u00f3n"},"content":{"rendered":"<!DOCTYPE html PUBLIC \"-\/\/W3C\/\/DTD HTML 4.0 Transitional\/\/EN\" \"http:\/\/www.w3.org\/TR\/REC-html40\/loose.dtd\">\n<html><body><p>Mejorar la efectividad en la prestaci&oacute;n de los servicios de salud es el objetivo de un convenio suscrito entre la Obra Social de Empleados P&uacute;blicos (OSEP) y el &Aacute;rea de Pol&iacute;ticas P&uacute;blicas de la UNCuyo. Apunta al trabajo conjunto para incorporar herramientas como tableros de comando e indicadores. Un grupo de profesionales del &Aacute;rea de Pol&iacute;ticas P&uacute;blicas trabajar&aacute; ocho&nbsp;meses en la obra social.<\/p>\n<p>El encargado del proyecto, Alejandro Belmonte, destac&oacute; que no es com&uacute;n la tarea, ya que se realizar&aacute; con una l&oacute;gica de formulaci&oacute;n de proyecto, es decir, con objetivos, indicadores para realizar el seguimiento de las actividades y el impacto financiero, econ&oacute;mico y social. Adem&aacute;s, se adoptar&aacute; una herramienta que permita hacer el seguimiento de los programas y su visualizaci&oacute;n en todas las sedes y efectores de la obra social, con la que se trabajar&aacute; tambi&eacute;n en la&nbsp;implementaci&oacute;n, clave para garantizar el &eacute;xito del proyecto que debe ser un aporte a las capacidades que ya tiene OSEP en el servicio a sus afiliados.<\/p>\n<p>En la reuni&oacute;n participaron el director general de la obra social, Sergio Vergara, y el rector de la UNCuyo, Daniel Pizzi.<\/p>\n<\/body><\/html>\n","protected":false},"excerpt":{"rendered":"Se concreta mediante convenio con la UNCuyo. Est\u00e1 previsto el seguimiento de los programas y su visualizaci\u00f3n en todas las sedes y efectores de la obra social de empleados p\u00fablicos.","protected":false},"author":2,"featured_media":93757,"comment_status":"open","ping_status":"open","sticky":false,"template":"","format":"standard","meta":[],"categories":[30],"tags":[],"_links":{"self":[{"href":"https:\/\/www.mendoza.gov.ar\/prensa\/wp-json\/wp\/v2\/posts\/93753"}],"collection":[{"href":"https:\/\/www.mendoza.gov.ar\/prensa\/wp-json\/wp\/v2\/posts"}],"about":[{"href":"https:\/\/www.mendoza.gov.ar\/prensa\/wp-json\/wp\/v2\/types\/post"}],"author":[{"embeddable":true,"href":"https:\/\/www.mendoza.gov.ar\/prensa\/wp-json\/wp\/v2\/users\/2"}],"replies":[{"embeddable":true,"href":"https:\/\/www.mendoza.gov.ar\/prensa\/wp-json\/wp\/v2\/comments?post=93753"}],"version-history":[{"count":0,"href":"https:\/\/www.mendoza.gov.ar\/prensa\/wp-json\/wp\/v2\/posts\/93753\/revisions"}],"wp:featuredmedia":[{"embeddable":true,"href":"https:\/\/www.mendoza.gov.ar\/prensa\/wp-json\/wp\/v2\/media\/93757"}],"wp:attachment":[{"href":"https:\/\/www.mendoza.gov.ar\/prensa\/wp-json\/wp\/v2\/media?parent=93753"}],"wp:term":[{"taxonomy":"category","embeddable":true,"href":"https:\/\/www.mendoza.gov.ar\/prensa\/wp-json\/wp\/v2\/categories?post=93753"},{"taxonomy":"post_tag","embeddable":true,"href":"https:\/\/www.mendoza.gov.ar\/prensa\/wp-json\/wp\/v2\/tags?post=93753"}],"curies":[{"name":"wp","href":"https:\/\/api.w.org\/{rel}","templated":true}]}}