{"id":93983,"date":"2017-06-16T08:56:24","date_gmt":"2017-06-16T11:56:24","guid":{"rendered":"http:\/\/prensa.mendoza.gov.ar\/?p=93983"},"modified":"2017-06-16T08:56:24","modified_gmt":"2017-06-16T11:56:24","slug":"mendoza-sera-sede-del-tercer-foro-iberoamericano-de-alcaldes-en-2018","status":"publish","type":"post","link":"https:\/\/www.mendoza.gov.ar\/prensa\/mendoza-sera-sede-del-tercer-foro-iberoamericano-de-alcaldes-en-2018\/","title":{"rendered":"Mendoza ser\u00e1 sede del Tercer Foro Iberoamericano de Alcaldes en 2018"},"content":{"rendered":"<!DOCTYPE html PUBLIC \"-\/\/W3C\/\/DTD HTML 4.0 Transitional\/\/EN\" \"http:\/\/www.w3.org\/TR\/REC-html40\/loose.dtd\">\n<html><body><p>El secretario de Ambiente y Ordenamiento Territorial de la Provincia, Humberto Mingorance, viaj&oacute; a Espa&ntilde;a junto al intendente de la Capital, Rodolfo Suarez, invitado por el Banco Interamericano de Desarrollo (BID), para asistir al Segundo Foro Iberoamericano de Alcaldes, en la ciudad de Santander. Fue en calidad de presidente del Consejo de Coordinaci&oacute;n de Pol&iacute;ticas P&uacute;blicas del &Aacute;rea Metropolitana de Mendoza y expuso el caso de Mendoza, espec&iacute;ficamente por el Plan Provincial de Ordenamiento Territorial de la Provincia y las iniciativas que se llevan adelante en lo que respecta a Unicipio.<\/p>\n<p>Mingorance&nbsp;present&oacute; en el&nbsp;foro internacional los avances de los estudios que fueron financiados por el Banco Interamericano de Desarrollo (BID) para identificar, organizar y priorizar las problem&aacute;ticas urbanas del &Aacute;rea Metropolitana de Mendoza. Esto, a fin de elaborar proyectos de preinversi&oacute;n que garantizan el crecimiento sostenible del n&uacute;cleo urbano m&aacute;s grande del Oeste argentino, conformado por siete&nbsp;jurisdicciones municipales diferentes.<\/p>\n<p>El funcionario provincial&nbsp;confirm&oacute; que, a solicitud de su cartera y del intendente de la Capital, Rodolfo Suarez, el siguiente a&ntilde;o Mendoza ser&aacute; sede del Tercer Foro Iberoamericano de Alcaldes, en los&nbsp;d&iacute;as previos a la Asamblea Anual del BID.<\/p>\n<p><strong>Agenda de gesti&oacute;n<\/strong><\/p>\n<p>Durante su viaje, Mingorance, mantuvo una serie de reuniones, que incluyeron&nbsp;un encuentro en Madrid con el especialista Pedro Pozas Terrados &ndash;presidente del &ldquo;Proyecto Gran Simio Internacional&rdquo;&ndash;, a quien le elev&oacute; un informe sobre el estado de la chimpanc&eacute; Cecilia, que actualmente vive en un santuario natural de Brasil. Pozas fue quien colabor&oacute; activamente para que Cecilia fuera&nbsp;trasladada a este santuario reconocido a nivel mundial en defensa y cuidado de los simios.<\/p>\n<p>Adem&aacute;s, Mingorance concurri&oacute; a una serie de encuentros, donde abord&oacute; temas de Gesti&oacute;n Integral de Residuos S&oacute;lidos Urbanos, y visit&oacute;&nbsp;una planta de tratamiento.<\/p>\n<p>Finalmente, la agenda de gesti&oacute;n del funcionario se complet&oacute; con una reuni&oacute;n &ndash;programada a instancias de la Universidad Nacional de Cuyo&ndash; con el especialista Josep Parcerisa, de la Universidad de Catalu&ntilde;a, quien pr&oacute;ximamente visitar&aacute; Mendoza para tratar temas clave de urbanismo para el desarrollo del &Aacute;rea Metropolitana.<\/p>\n<\/body><\/html>\n","protected":false},"excerpt":{"rendered":"La Secretar\u00eda de Ambiente y Ordenamiento Territorial, con el apoyo del BID, realizar\u00e1 una reuni\u00f3n de intendentes de naciones americanas para abordar tem\u00e1ticas de urbanismo, desarrollo sustentable y pol\u00edticas p\u00fablicas.","protected":false},"author":2,"featured_media":93984,"comment_status":"open","ping_status":"open","sticky":false,"template":"","format":"standard","meta":[],"categories":[3],"tags":[],"_links":{"self":[{"href":"https:\/\/www.mendoza.gov.ar\/prensa\/wp-json\/wp\/v2\/posts\/93983"}],"collection":[{"href":"https:\/\/www.mendoza.gov.ar\/prensa\/wp-json\/wp\/v2\/posts"}],"about":[{"href":"https:\/\/www.mendoza.gov.ar\/prensa\/wp-json\/wp\/v2\/types\/post"}],"author":[{"embeddable":true,"href":"https:\/\/www.mendoza.gov.ar\/prensa\/wp-json\/wp\/v2\/users\/2"}],"replies":[{"embeddable":true,"href":"https:\/\/www.mendoza.gov.ar\/prensa\/wp-json\/wp\/v2\/comments?post=93983"}],"version-history":[{"count":0,"href":"https:\/\/www.mendoza.gov.ar\/prensa\/wp-json\/wp\/v2\/posts\/93983\/revisions"}],"wp:featuredmedia":[{"embeddable":true,"href":"https:\/\/www.mendoza.gov.ar\/prensa\/wp-json\/wp\/v2\/media\/93984"}],"wp:attachment":[{"href":"https:\/\/www.mendoza.gov.ar\/prensa\/wp-json\/wp\/v2\/media?parent=93983"}],"wp:term":[{"taxonomy":"category","embeddable":true,"href":"https:\/\/www.mendoza.gov.ar\/prensa\/wp-json\/wp\/v2\/categories?post=93983"},{"taxonomy":"post_tag","embeddable":true,"href":"https:\/\/www.mendoza.gov.ar\/prensa\/wp-json\/wp\/v2\/tags?post=93983"}],"curies":[{"name":"wp","href":"https:\/\/api.w.org\/{rel}","templated":true}]}}