{"id":94043,"date":"2017-06-17T07:57:36","date_gmt":"2017-06-17T10:57:36","guid":{"rendered":"http:\/\/prensa.mendoza.gov.ar\/?p=94043"},"modified":"2017-06-17T07:57:36","modified_gmt":"2017-06-17T10:57:36","slug":"dia-mundial-de-la-lucha-contra-la-desertificacion-y-la-sequia","status":"publish","type":"post","link":"https:\/\/www.mendoza.gov.ar\/prensa\/dia-mundial-de-la-lucha-contra-la-desertificacion-y-la-sequia\/","title":{"rendered":"D\u00eda Mundial de la Lucha contra la Desertificaci\u00f3n y la Sequ\u00eda"},"content":{"rendered":"<!DOCTYPE html PUBLIC \"-\/\/W3C\/\/DTD HTML 4.0 Transitional\/\/EN\" \"http:\/\/www.w3.org\/TR\/REC-html40\/loose.dtd\">\n<html><body><p>Este a&ntilde;o, desde Naciones Unidas se propuso centrar la celebraci&oacute;n del D&iacute;a Mundial de la Lucha contra la Desertificaci&oacute;n y la Sequ&iacute;a en la relaci&oacute;n entre la degradaci&oacute;n de la tierra y la grave problem&aacute;tica de la migraci&oacute;n. El objetivo es generar conciencia de que el deterioro medioambiental, la inseguridad alimentaria y la pobreza son causas de la migraci&oacute;n y de las dificultades para el desarrollo. La comprensi&oacute;n de que la desertificaci&oacute;n es una causa de migraci&oacute;n es clave, dado que de 2000 a 2015, seg&uacute;n Naciones Unidas, el n&uacute;mero de migrantes en el mundo se increment&oacute; de 173 a 244 millones. De esta forma se busca fortalecer la resiliencia de las comunidades ante la complejidad de problem&aacute;ticas del desarrollo a trav&eacute;s de la gesti&oacute;n sostenible de los suelos.<\/p>\n<p>La desertificaci&oacute;n es la degradaci&oacute;n de la tierra en las zonas &aacute;ridas, semi&aacute;ridas y subh&uacute;medas secas. Se trata de un proceso de deterioro gradual de la tierra que le hace perder su fertilidad hasta grados de total improductividad, como consecuencia de las malas pr&aacute;cticas de las actividades humanas extractivas, industriales o productivas. Tambi&eacute;n est&aacute; vinculada estrechamente al cambio clim&aacute;tico, la conservaci&oacute;n de la biodiversidad de los bosques nativos y al manejo planificado de los recursos h&iacute;dricos.<\/p>\n<p>Esta fecha invita a valorar la relevancia del suelo en la producci&oacute;n de alimentos, generaci&oacute;n de trabajo, asimismo como por su aporte a la sostenibilidad, estabilidad y seguridad de las zonas afectadas por la desertificaci&oacute;n.<\/p>\n<\/body><\/html>\n","protected":false},"excerpt":{"rendered":"Cada 17 de junio se conmemora el d\u00eda en que se firm\u00f3 el acuerdo de cooperaci\u00f3n internacional para luchar contra la desertificaci\u00f3n y los efectos de la sequ\u00eda en 1994, en el marco de la Convenci\u00f3n Internacional de Lucha contra la Desertificaci\u00f3n.","protected":false},"author":2,"featured_media":94045,"comment_status":"open","ping_status":"open","sticky":false,"template":"","format":"standard","meta":[],"categories":[3],"tags":[],"_links":{"self":[{"href":"https:\/\/www.mendoza.gov.ar\/prensa\/wp-json\/wp\/v2\/posts\/94043"}],"collection":[{"href":"https:\/\/www.mendoza.gov.ar\/prensa\/wp-json\/wp\/v2\/posts"}],"about":[{"href":"https:\/\/www.mendoza.gov.ar\/prensa\/wp-json\/wp\/v2\/types\/post"}],"author":[{"embeddable":true,"href":"https:\/\/www.mendoza.gov.ar\/prensa\/wp-json\/wp\/v2\/users\/2"}],"replies":[{"embeddable":true,"href":"https:\/\/www.mendoza.gov.ar\/prensa\/wp-json\/wp\/v2\/comments?post=94043"}],"version-history":[{"count":0,"href":"https:\/\/www.mendoza.gov.ar\/prensa\/wp-json\/wp\/v2\/posts\/94043\/revisions"}],"wp:featuredmedia":[{"embeddable":true,"href":"https:\/\/www.mendoza.gov.ar\/prensa\/wp-json\/wp\/v2\/media\/94045"}],"wp:attachment":[{"href":"https:\/\/www.mendoza.gov.ar\/prensa\/wp-json\/wp\/v2\/media?parent=94043"}],"wp:term":[{"taxonomy":"category","embeddable":true,"href":"https:\/\/www.mendoza.gov.ar\/prensa\/wp-json\/wp\/v2\/categories?post=94043"},{"taxonomy":"post_tag","embeddable":true,"href":"https:\/\/www.mendoza.gov.ar\/prensa\/wp-json\/wp\/v2\/tags?post=94043"}],"curies":[{"name":"wp","href":"https:\/\/api.w.org\/{rel}","templated":true}]}}