{"id":94078,"date":"2017-06-16T15:50:20","date_gmt":"2017-06-16T18:50:20","guid":{"rendered":"http:\/\/prensa.mendoza.gov.ar\/?p=94078"},"modified":"2017-06-16T15:50:20","modified_gmt":"2017-06-16T18:50:20","slug":"habitos-saludables-en-la-zona-este","status":"publish","type":"post","link":"https:\/\/www.mendoza.gov.ar\/prensa\/habitos-saludables-en-la-zona-este\/","title":{"rendered":"H\u00e1bitos saludables en la Zona Este"},"content":{"rendered":"<!DOCTYPE html PUBLIC \"-\/\/W3C\/\/DTD HTML 4.0 Transitional\/\/EN\" \"http:\/\/www.w3.org\/TR\/REC-html40\/loose.dtd\">\n<html><body><p>Con el objetivo de rectificar los mitos que existen en determinados temas y despejar dudas o miedos a sus pacientes, el taller de Diabetes de OSEP en San Mart&iacute;n ha incluido encuentros sobre sexualidad puesto que si esta enfermedad no es tratada tambi&eacute;n puede provocar disfunciones.<\/p>\n<p>Las &nbsp;charlas est&aacute;n a cargo de la licenciada en Obstetricia Ver&oacute;nica Tello, profesional referente en la Zona Este.<\/p>\n<p>El taller es desarrollado por un equipo interdisciplinario de profesionales que se re&uacute;ne todos los mi&eacute;rcoles, a las 17.30, en la sede que la obra social tiene en Balcarce 345, de ese departamento.<\/p>\n<p>All&iacute; asisten personas que conviven con la enfermedad y familiares que desean adquirir conocimientos para contener a quienes la padecen.<\/p>\n<p>Adem&aacute;s apunta a concientizar sobre los cuidados necesarios para lograr una vida saludable a partir del diagn&oacute;stico: alimentaci&oacute;n, cuidados, medicamentos, actividad f&iacute;sica, social y psicol&oacute;gica.<\/p>\n<p>Para m&aacute;s informaci&oacute;n los afiliados pueden acercarse a la Sede, de lunes a viernes, de 7.30 a 20 o llamar al 02634420136.<\/p>\n<\/body><\/html>\n","protected":false},"excerpt":{"rendered":"El Taller de Educaci\u00f3n sobre Diabetes que se realiza en OSEP San Mart\u00edn incorpor\u00f3 charlas de sexualidad. Es que si esta enfermedad no es tratada tambi\u00e9n puede provocar algunas disfunciones. De la misma manera hay mitos y conceptos err\u00f3neos sobre el particular. ","protected":false},"author":2,"featured_media":94079,"comment_status":"open","ping_status":"open","sticky":false,"template":"","format":"standard","meta":[],"categories":[30],"tags":[],"_links":{"self":[{"href":"https:\/\/www.mendoza.gov.ar\/prensa\/wp-json\/wp\/v2\/posts\/94078"}],"collection":[{"href":"https:\/\/www.mendoza.gov.ar\/prensa\/wp-json\/wp\/v2\/posts"}],"about":[{"href":"https:\/\/www.mendoza.gov.ar\/prensa\/wp-json\/wp\/v2\/types\/post"}],"author":[{"embeddable":true,"href":"https:\/\/www.mendoza.gov.ar\/prensa\/wp-json\/wp\/v2\/users\/2"}],"replies":[{"embeddable":true,"href":"https:\/\/www.mendoza.gov.ar\/prensa\/wp-json\/wp\/v2\/comments?post=94078"}],"version-history":[{"count":0,"href":"https:\/\/www.mendoza.gov.ar\/prensa\/wp-json\/wp\/v2\/posts\/94078\/revisions"}],"wp:featuredmedia":[{"embeddable":true,"href":"https:\/\/www.mendoza.gov.ar\/prensa\/wp-json\/wp\/v2\/media\/94079"}],"wp:attachment":[{"href":"https:\/\/www.mendoza.gov.ar\/prensa\/wp-json\/wp\/v2\/media?parent=94078"}],"wp:term":[{"taxonomy":"category","embeddable":true,"href":"https:\/\/www.mendoza.gov.ar\/prensa\/wp-json\/wp\/v2\/categories?post=94078"},{"taxonomy":"post_tag","embeddable":true,"href":"https:\/\/www.mendoza.gov.ar\/prensa\/wp-json\/wp\/v2\/tags?post=94078"}],"curies":[{"name":"wp","href":"https:\/\/api.w.org\/{rel}","templated":true}]}}