{"id":94085,"date":"2017-06-16T16:46:59","date_gmt":"2017-06-16T19:46:59","guid":{"rendered":"http:\/\/prensa.mendoza.gov.ar\/?p=94085"},"modified":"2017-06-16T16:46:59","modified_gmt":"2017-06-16T19:46:59","slug":"osep-puso-en-marcha-la-refuncionalizacion-del-hospital-del-carmen","status":"publish","type":"post","link":"https:\/\/www.mendoza.gov.ar\/prensa\/osep-puso-en-marcha-la-refuncionalizacion-del-hospital-del-carmen\/","title":{"rendered":"OSEP puso en marcha la refuncionalizaci\u00f3n del Hospital del Carmen"},"content":{"rendered":"<!DOCTYPE html PUBLIC \"-\/\/W3C\/\/DTD HTML 4.0 Transitional\/\/EN\" \"http:\/\/www.w3.org\/TR\/REC-html40\/loose.dtd\">\n<html><body><p>Despu&eacute;s de muchos a&ntilde;os de que el Hospital del Carmen no recibiera el mantenimiento necesario para el funcionamiento normal de los servicios b&aacute;sicos, esta semana se puso en marcha un plan de reparaci&oacute;n y refuncionalizaci&oacute;n de los espacios. El plan de obra, que tiene un plazo de ejecuci&oacute;n de 180 d&iacute;as y una inversi&oacute;n aproximada de 10 millones de pesos, ya comenz&oacute; con la reparaci&oacute;n de Internaci&oacute;n. Comprender&aacute; adem&aacute;s &nbsp;pintura interna y externa, reparaci&oacute;n total de los ba&ntilde;os, que&nbsp;incluye cambio de grifer&iacute;a, colocaci&oacute;n de artefactos deteriorados o donde no exist&iacute;an, cer&aacute;mica de piso y pared y ducha en sanitarios del personal.<\/p>\n<p>Tambi&eacute;n se ha previsto reparar techos, colocar puertas para el acceso restringido en &aacute;reas de alta y media complejidad y ordenar la circulaci&oacute;n p&uacute;blica y t&eacute;cnica y obras espec&iacute;ficas en espacios exteriores. Los servicios no ser&aacute;n suspendidos por la realizaci&oacute;n de los trabajos. Solamente se ver&aacute;n afectadas en el sector de internaci&oacute;n de a cinco habitaciones por vez, llev&aacute;ndose a cabo la refuncionalizaci&oacute;n total sin necesidad de suspender el servicio en todas las salas al mismo tiempo.<\/p>\n<p>El cronograma de tareas se realiza en coordinaci&oacute;n con la Direcci&oacute;n del Hospital y la Direcci&oacute;n de Infraestructura. Tampoco se afectar&aacute; el servicio de &aacute;reas cr&iacute;ticas como Terapia Intensiva, Unidad Coronaria y Quir&oacute;fanos.<\/p>\n<p>Se tiene en cuenta que el servicio ambulatorio del hospital no se ver&aacute; afectado de forma directa, ya que los trabajos de mayor acci&oacute;n se realizar&aacute;n los fines de semana, feriados y horarios cuando no perjudique la atenci&oacute;n de los afiliados. Existir&aacute;n cambios de lugares de atenci&oacute;n pero no se anular&aacute;n los servicios, tratando de ocasionar la menor cantidad de inconvenientes.<\/p>\n<p><strong>Circulaci&oacute;n restringida<\/strong><\/p>\n<p>La obra de circulaci&oacute;n incluye refuncionalizar el acceso y realizar un &uacute;nico ingreso, ya que hoy posee variadas opciones por donde acceden los pacientes. Asimismo, se realizar&aacute;n accesos restringidos a distintas &aacute;reas con puertas de cierre magn&eacute;tico, para el ingreso de personas autorizadas, y ejercer un control a la circulaci&oacute;n de todo tipo de p&uacute;blico con el fin de reducir el riesgo de contagio de infecciones.<\/p>\n<p><strong>Una nueva Sala de Guardia eficiente<\/strong><\/p>\n<p>La guardia se va a refuncionalizar de manera integral. En el lugar, ya se realiz&oacute; la primera de los trabajos entre los que se &nbsp;destaca &nbsp;la puerta de evacuaci&oacute;n para contingencias. La sala contar&aacute; con<em> shock room,<\/em> para que el paciente est&eacute; poco tiempo en el sector de guardia y no se transforme en una sala de internaci&oacute;n, y con un espacio para los pacientes con dolor tor&aacute;cico, a fin de que sea evaluados sin necesidad de ser internados.<\/p>\n<p><strong>Urgencias de traumatolog&iacute;a, oftalmolog&iacute;a y atenci&oacute;n cl&iacute;nica<\/strong><\/p>\n<p>Teniendo en cuenta que los trabajos en el Hospital del Carmen tendr&aacute;n una duraci&oacute;n aproximada de 180 d&iacute;as, es bueno que los afiliados cuenten con alternativas al&nbsp;solicitar algunos servicios. En el caso de Traumatolog&iacute;a, se puede concurrir a:<\/p>\n<ul>\n<li>Cl&iacute;nica Francesa (Ej&eacute;rcito de los Andes 1696, Dorrego, Guaymall&eacute;n).<\/li>\n<li>Cl&iacute;nica Santa Mar&iacute;a (Federico Moreno 1519, Mendoza).<\/li>\n<li>Cl&iacute;nica Santa Clara (San Mart&iacute;n 835, Godoy Cruz).<\/li>\n<li>Sociedad Espa&ntilde;ola de Socorros Mutuos (Lavalle 441, Mendoza).<\/li>\n<\/ul>\n<p>En estos casos, el servicio de Guardia Traumatol&oacute;gica de 24 horas es gratuito.<\/p>\n<p>Para los casos de Urgencia Oftalmol&oacute;gica, posee las siguientes opciones:<\/p>\n<ul>\n<li>Cl&iacute;nica Privada de Ojos, Dra. Mulet (9 de Julio 2142, Mendoza, 4204503). Guardia las 24&nbsp;horas.<\/li>\n<li>Cl&iacute;nica de Ojos (Paseo Sarmiento 163, Mendoza, 4497800) Guardia de lunes a viernes de 19 a 22 y s&aacute;bados y domingos de 9 a 13 y de 16 a 22)<\/li>\n<li>DYTER Cl&iacute;nica Oftalmol&oacute;gica (Av. Espa&ntilde;a 782, Mendoza). Guardia las 24 horas pero no siempre en el mismo lugar. Deben llamar antes de ir al 4230799.<\/li>\n<\/ul>\n<p>En todos los casos de Guardia Oftalmol&oacute;gica, se deber&aacute; abonar $80.<\/p>\n<p>Para Atenci&oacute;n Cl&iacute;nica, hay tres&nbsp;formas de solicitar su turno:<\/p>\n<ul>\n<li>Llamar al 0810 810 1033.<\/li>\n<li>M&eacute;dico a domicilio al 0810 333 0037 (coseguro $190).<\/li>\n<li>Ingresando al Portal de Autogesti&oacute;n de OSEP (www.osep.mendoza.gov.ar).<\/li>\n<li>O bien solicitarlo a cualquier m&eacute;dico particular que reciba OSEP abonando coseguro.<\/li>\n<\/ul>\n<\/body><\/html>\n","protected":false},"excerpt":{"rendered":"Comenz\u00f3 con la reparaci\u00f3n del sector de internaci\u00f3n. La obra tiene un plazo de 180 d\u00edas y la inversi\u00f3n ser\u00e1 de aproximadamente 10 millones de pesos.","protected":false},"author":2,"featured_media":0,"comment_status":"open","ping_status":"open","sticky":false,"template":"","format":"standard","meta":[],"categories":[30],"tags":[],"_links":{"self":[{"href":"https:\/\/www.mendoza.gov.ar\/prensa\/wp-json\/wp\/v2\/posts\/94085"}],"collection":[{"href":"https:\/\/www.mendoza.gov.ar\/prensa\/wp-json\/wp\/v2\/posts"}],"about":[{"href":"https:\/\/www.mendoza.gov.ar\/prensa\/wp-json\/wp\/v2\/types\/post"}],"author":[{"embeddable":true,"href":"https:\/\/www.mendoza.gov.ar\/prensa\/wp-json\/wp\/v2\/users\/2"}],"replies":[{"embeddable":true,"href":"https:\/\/www.mendoza.gov.ar\/prensa\/wp-json\/wp\/v2\/comments?post=94085"}],"version-history":[{"count":0,"href":"https:\/\/www.mendoza.gov.ar\/prensa\/wp-json\/wp\/v2\/posts\/94085\/revisions"}],"wp:attachment":[{"href":"https:\/\/www.mendoza.gov.ar\/prensa\/wp-json\/wp\/v2\/media?parent=94085"}],"wp:term":[{"taxonomy":"category","embeddable":true,"href":"https:\/\/www.mendoza.gov.ar\/prensa\/wp-json\/wp\/v2\/categories?post=94085"},{"taxonomy":"post_tag","embeddable":true,"href":"https:\/\/www.mendoza.gov.ar\/prensa\/wp-json\/wp\/v2\/tags?post=94085"}],"curies":[{"name":"wp","href":"https:\/\/api.w.org\/{rel}","templated":true}]}}