{"id":94534,"date":"2017-06-22T15:20:59","date_gmt":"2017-06-22T18:20:59","guid":{"rendered":"http:\/\/prensa.mendoza.gov.ar\/?p=94534"},"modified":"2017-06-22T15:20:59","modified_gmt":"2017-06-22T18:20:59","slug":"osep-realizo-controles-de-celiaquia-en-san-martin","status":"publish","type":"post","link":"https:\/\/www.mendoza.gov.ar\/prensa\/osep-realizo-controles-de-celiaquia-en-san-martin\/","title":{"rendered":"OSEP realiz\u00f3 controles de celiaqu\u00eda en San Mart\u00edn"},"content":{"rendered":"<!DOCTYPE html PUBLIC \"-\/\/W3C\/\/DTD HTML 4.0 Transitional\/\/EN\" \"http:\/\/www.w3.org\/TR\/REC-html40\/loose.dtd\">\n<html><body><p>Los ex&aacute;menes se destinaron gratuitamente a todos los vecinos del lugar, tanto afiliados como personas sin esta cobertura. La coordinaci&oacute;n estuvo a cargo de la doctora Daniela Mart&iacute;nez, referente de los programas preventivos de OSEP en la zona Este y la licenciada Agustina Rubio, nutricionista de <em>Ser Cel&iacute;aco<\/em>.<\/p>\n<p>El objetivo fue concientizar sobre esta patolog&iacute;a cr&oacute;nica y promocionar el programa de detecci&oacute;n y tratamiento de la enfermedad cel&iacute;aca de OSEP, <em>Ser Cel&iacute;aco<\/em>, que funciona hace un a&ntilde;o en la zona.<\/p>\n<p><strong>Enfermedad Cel&iacute;aca<\/strong><\/p>\n<p>La enfermedad cel&iacute;aca es la intolerancia a las prote&iacute;nas de los cereales como trigo, cebada, avena y centeno que altera las mucosas del intestino provocando una mala absorci&oacute;n de los nutrientes. De all&iacute; la necesidad de una dieta libre de gluten o sin TACC. Es una patolog&iacute;a autoinmune y tiene una gran predisposici&oacute;n gen&eacute;tica.<\/p>\n<p>Una persona puede presentar manifestaciones cl&aacute;sicas, vivir una enfermedad asintom&aacute;tica o padecer solo una cefalea.<\/p>\n<p>Los s&iacute;ntomas en general son muy variados. Los cl&aacute;sicos son digestivos como distensi&oacute;n, inflamaci&oacute;n o dolor de abdomen, diarrea o constipaci&oacute;n.<\/p>\n<p>Es de gran importancia su diagn&oacute;stico y tratamiento temprano para que sus s&iacute;ntomas no sean agresivos y no aparezcan otras enfermedades.<\/p>\n<p><strong>Ser Cel&iacute;aco<\/strong><\/p>\n<p>El programa brinda al afiliado de OSEP con diagn&oacute;stico de celiaqu&iacute;a: control m&eacute;dico, educaci&oacute;n nutricional contenci&oacute;n profesional, apoyo econ&oacute;mico (reintegro de 550 pesos mensuales) destinado a colaborar con los gastos de su dieta espec&iacute;fica ya que la enfermedad no requiere de medicaci&oacute;n.<\/p>\n<p>En OSEP San Mart&iacute;n, Balcarce 345, el programa funciona los lunes, de 16 a 19. Para m&aacute;s informaci&oacute;n comunicarse a los tel&eacute;fonos (0263) 4420136 &ndash; 4427304.<\/p>\n<\/body><\/html>\n","protected":false},"excerpt":{"rendered":"Profesionales del programa \u201cSer Celiaco\u201d de OSEP, de la Zona Este, realizaron extracciones de sangre para detectar celiaqu\u00eda. La actividad se llev\u00f3 a cabo junto con la Municipalidad de San Mart\u00edn, quien aport\u00f3 el espacio f\u00edsico para realizar las pr\u00e1cticas.","protected":false},"author":2,"featured_media":94535,"comment_status":"open","ping_status":"open","sticky":false,"template":"","format":"standard","meta":[],"categories":[30],"tags":[],"_links":{"self":[{"href":"https:\/\/www.mendoza.gov.ar\/prensa\/wp-json\/wp\/v2\/posts\/94534"}],"collection":[{"href":"https:\/\/www.mendoza.gov.ar\/prensa\/wp-json\/wp\/v2\/posts"}],"about":[{"href":"https:\/\/www.mendoza.gov.ar\/prensa\/wp-json\/wp\/v2\/types\/post"}],"author":[{"embeddable":true,"href":"https:\/\/www.mendoza.gov.ar\/prensa\/wp-json\/wp\/v2\/users\/2"}],"replies":[{"embeddable":true,"href":"https:\/\/www.mendoza.gov.ar\/prensa\/wp-json\/wp\/v2\/comments?post=94534"}],"version-history":[{"count":0,"href":"https:\/\/www.mendoza.gov.ar\/prensa\/wp-json\/wp\/v2\/posts\/94534\/revisions"}],"wp:featuredmedia":[{"embeddable":true,"href":"https:\/\/www.mendoza.gov.ar\/prensa\/wp-json\/wp\/v2\/media\/94535"}],"wp:attachment":[{"href":"https:\/\/www.mendoza.gov.ar\/prensa\/wp-json\/wp\/v2\/media?parent=94534"}],"wp:term":[{"taxonomy":"category","embeddable":true,"href":"https:\/\/www.mendoza.gov.ar\/prensa\/wp-json\/wp\/v2\/categories?post=94534"},{"taxonomy":"post_tag","embeddable":true,"href":"https:\/\/www.mendoza.gov.ar\/prensa\/wp-json\/wp\/v2\/tags?post=94534"}],"curies":[{"name":"wp","href":"https:\/\/api.w.org\/{rel}","templated":true}]}}