{"id":94576,"date":"2017-06-23T09:16:58","date_gmt":"2017-06-23T12:16:58","guid":{"rendered":"http:\/\/prensa.mendoza.gov.ar\/?p=94576"},"modified":"2017-06-23T09:16:58","modified_gmt":"2017-06-23T12:16:58","slug":"ambiente-inauguro-el-segundo-centro-de-interpretacion-en-malargue","status":"publish","type":"post","link":"https:\/\/www.mendoza.gov.ar\/prensa\/ambiente-inauguro-el-segundo-centro-de-interpretacion-en-malargue\/","title":{"rendered":"Ambiente inaugur\u00f3 el segundo centro de interpretaci\u00f3n en Malarg\u00fce"},"content":{"rendered":"<!DOCTYPE html PUBLIC \"-\/\/W3C\/\/DTD HTML 4.0 Transitional\/\/EN\" \"http:\/\/www.w3.org\/TR\/REC-html40\/loose.dtd\">\n<html><body><p>La Secretar&iacute;a de Ambiente y Ordenamiento Territorial present&oacute; la segunda obra finalizada para brindar un mejor servicio a los visitantes y turistas que ingresen a las Reservas Naturales. Se trata del Centro de Interpretaci&oacute;n del &Aacute;rea Natural Protegida &ldquo;Caverna de las Brujas&rdquo;, ubicada en el departamento de Malarg&uuml;e, que cuenta con un Centro de Interpretaci&oacute;n y senderos p&uacute;blicos, con una cantidad de metros cubiertos de 116,55 m2. La obra tuvo un valor de $1.557.668,86.<\/p>\n<p>Las mismas, se encontrar&aacute;n atendidas en su mayor&iacute;a por Guardaparques de la Direcci&oacute;n de Recursos Naturales Renovables y adem&aacute;s, se podr&aacute; adquirir material informativo acerca de otras &Aacute;reas Naturales provinciales.<\/p>\n<p><a href=\"https:\/\/www.mendoza.gov.ar\/prensa\/wp-content\/uploads\/sites\/23\/IMG_20170622_221623.jpg\"><img loading=\"lazy\" class=\"alignnone wp-image-94578 img-responsive center-block\" src=\"https:\/\/www.mendoza.gov.ar\/prensa\/wp-content\/uploads\/sites\/23\/IMG_20170622_221623.jpg\" alt=\"\" width=\"650\" height=\"702\"><\/a><\/p>\n<p>Las ocho Reservas Naturales m&aacute;s visitadas de la Provincia comienzan a brindar un mejor servicio a los mendocinos y turistas de diferentes partes del mundo. Este proyecto se basa en la construcci&oacute;n de ocho centros de interpretaci&oacute;n, que tienen como finalidad interiorizar a los visitantes sobre la historia, actividades, conservaci&oacute;n, flora y fauna del &Aacute;rea Natural Protegida que visitan, entre otras cosas.<\/p>\n<p>Hace algunas semanas, el secretario de Ambiente y Ordenamiento Territorial, Humberto Mingorance, inaugur&oacute; la primera obra que se ubica en la Reserva Natural &ldquo;Divisadero Largo&rdquo;. Esta obra tuvo un valor total de $1.202.423,22 y&nbsp;cuenta con un Centro de Interpretaci&oacute;n, ba&ntilde;os p&uacute;blicos y un ba&ntilde;o para discapacitados. Tambi&eacute;n mejoras en senderos p&uacute;blicos. La cantidad de metros cubiertos es de 129,52 m2.<\/p>\n<p><strong>El programa<\/strong><\/p>\n<p>Las partes involucradas en el Programa de Mejoramiento y Fortalecimiento de la Gesti&oacute;n de las Reservas Naturales Protegidas de la provincia de Mendoza son: el Banco Interamericano de Desarrollo, como ente financiador; la Unidad de Financiamiento Internacional, como contraparte subejecutora y la Secretaria de Ambiente y Ordenamiento Territorial&nbsp; a trav&eacute;s de la Direcci&oacute;n de Recursos Naturales Renovables, como beneficiaria directa y ejecutora.<\/p>\n<p>En el programa se contempla la realizaci&oacute;n de diversas obras destinadas al uso p&uacute;blico, se establece como objetivo la mejora integral de los servicios que se ofrecen en cada una de las Reservas, no solo al personal , sino tambi&eacute;n a los usuarios de cada una de las &Aacute;reas Naturales Protegidas de la Provincia.<\/p>\n<\/body><\/html>\n","protected":false},"excerpt":{"rendered":"Dentro de las ocho \u00c1reas Naturales Protegidas que contar\u00e1n con un centro de interpretaci\u00f3n, la Secretar\u00eda de Ambiente y Ordenamiento Territorial present\u00f3 la segunda obra finalizada para brindar un mejor servicio a los visitantes y turistas que ingresen a las Reservas Naturales.","protected":false},"author":2,"featured_media":94577,"comment_status":"open","ping_status":"open","sticky":false,"template":"","format":"standard","meta":[],"categories":[3],"tags":[],"_links":{"self":[{"href":"https:\/\/www.mendoza.gov.ar\/prensa\/wp-json\/wp\/v2\/posts\/94576"}],"collection":[{"href":"https:\/\/www.mendoza.gov.ar\/prensa\/wp-json\/wp\/v2\/posts"}],"about":[{"href":"https:\/\/www.mendoza.gov.ar\/prensa\/wp-json\/wp\/v2\/types\/post"}],"author":[{"embeddable":true,"href":"https:\/\/www.mendoza.gov.ar\/prensa\/wp-json\/wp\/v2\/users\/2"}],"replies":[{"embeddable":true,"href":"https:\/\/www.mendoza.gov.ar\/prensa\/wp-json\/wp\/v2\/comments?post=94576"}],"version-history":[{"count":0,"href":"https:\/\/www.mendoza.gov.ar\/prensa\/wp-json\/wp\/v2\/posts\/94576\/revisions"}],"wp:featuredmedia":[{"embeddable":true,"href":"https:\/\/www.mendoza.gov.ar\/prensa\/wp-json\/wp\/v2\/media\/94577"}],"wp:attachment":[{"href":"https:\/\/www.mendoza.gov.ar\/prensa\/wp-json\/wp\/v2\/media?parent=94576"}],"wp:term":[{"taxonomy":"category","embeddable":true,"href":"https:\/\/www.mendoza.gov.ar\/prensa\/wp-json\/wp\/v2\/categories?post=94576"},{"taxonomy":"post_tag","embeddable":true,"href":"https:\/\/www.mendoza.gov.ar\/prensa\/wp-json\/wp\/v2\/tags?post=94576"}],"curies":[{"name":"wp","href":"https:\/\/api.w.org\/{rel}","templated":true}]}}