{"id":94717,"date":"2017-06-25T09:00:29","date_gmt":"2017-06-25T12:00:29","guid":{"rendered":"http:\/\/prensa.mendoza.gov.ar\/?p=94717"},"modified":"2017-06-25T09:00:29","modified_gmt":"2017-06-25T12:00:29","slug":"informaron-sobre-tarifa-especial-a-sectores-sociales-vulnerables-personas-electrodependientes-por-cuestiones-de-salud","status":"publish","type":"post","link":"https:\/\/www.mendoza.gov.ar\/prensa\/informaron-sobre-tarifa-especial-a-sectores-sociales-vulnerables-personas-electrodependientes-por-cuestiones-de-salud\/","title":{"rendered":"Informaron sobre tarifa especial a sectores sociales vulnerables personas electrodependientes por cuestiones de salud"},"content":{"rendered":"<!DOCTYPE html PUBLIC \"-\/\/W3C\/\/DTD HTML 4.0 Transitional\/\/EN\" \"http:\/\/www.w3.org\/TR\/REC-html40\/loose.dtd\">\n<html><body><p>El gerente T&eacute;cnico del Ente Provincial Regulador El&eacute;ctrico, H&eacute;ctor Laspada, junto a su equipo de trabajo, realiz&oacute; una presentaci&oacute;n sobre Tarifa Social El&eacute;ctrica y personas electrodependientes por cuestiones de salud, dirigida a los referentes de las Sedes de OSEP en el territorio. En la exposici&oacute;n estuvo presente la Directora de Gesti&oacute;n Territorial de la Obra Social, doctora Andrea Carrasco.<\/p>\n<p>La Tarifa Social para el servicio de energ&iacute;a el&eacute;ctrica otorga a los sectores vulnerables el beneficio para acceder a las prestaciones con precios acordes a su situaci&oacute;n.<\/p>\n<p>El ingeniero Laspada explic&oacute; que lo que se busca es informar lo m&aacute;s r&aacute;pido posible a los usuarios vulnerables. En este sentido destac&oacute; la importancia que tiene difundir el tema en OSEP por el manejo territorial y diversidad de sus afiliados, como es el caso de jubilados, personas con discapacidad y electrodependientes.<\/p>\n<p>La propuesta del EPRE es entrecruzar la base de datos de ambas instituciones no solo para obtener un relevamiento de las personas que requieran la tarifa diferencial sino tambi&eacute;n para poder informar a los pacientes electrodependientes sobre los cortes programados por mantenimiento para evitar inconvenientes.<\/p>\n<p><strong>&nbsp;Tarifa El&eacute;ctrica Social<\/strong><\/p>\n<p>Pueden acceder:<\/p>\n<ul>\n<li>Jubilados, pensionados o trabajadores en relaci&oacute;n de dependencia que perciban una remuneraci&oacute;n bruta menor o igual a dos (2) veces el Salario M&iacute;nimo Vital y M&oacute;vil.<\/li>\n<li>Trabajadores &ldquo;monotributistas&rdquo; inscriptos en una categor&iacute;a cuyo ingreso anual mensualizado no supere en dos (2) veces el Salario M&iacute;nimo Vital y M&oacute;vil.<\/li>\n<li>Beneficiarios de una pensi&oacute;n no contributiva que perciban ingresos mensuales brutos no superiores a dos (2) veces el Salario M&iacute;nimo Vital y M&oacute;vil<\/li>\n<li>Titulares de programas sociales.<\/li>\n<li>Inscriptos en el R&eacute;gimen de Monotributo Social.<\/li>\n<li>Personas incorporadas en el R&eacute;gimen Especial de Seguridad Social para empleados del Servicio Dom&eacute;stico (26.844).<\/li>\n<li>Quienes perciban el seguro de desempleo.<\/li>\n<li>Titulares de una Pensi&oacute;n Vitalicia a Veteranos de Guerra de Malvinas.<\/li>\n<li>Personas con certificado de discapacidad expedido por autoridad competente.<\/li>\n<li>Titulares o&nbsp; convivientes, que posean una enfermedad cuyo tratamiento implique electrodependencia.<\/li>\n<\/ul>\n<p>No pueden acceder:<\/p>\n<ul>\n<li>Propietarios de m&aacute;s de un inmueble.<\/li>\n<li>Quienes posean un veh&iacute;culo de hasta 10 a&ntilde;os de antig&uuml;edad (excepto quienes tengan certificado de discapacidad o electrodependencia).<\/li>\n<li>Personas que tengan aeronaves o embarcaciones de lujo.<\/li>\n<\/ul>\n<p>Para m&aacute;s informaci&oacute;n:<\/p>\n<ul>\n<li>Llam&aacute; a la l&iacute;nea gratuita del EPRE, 0 800 222 3773, de lunes a viernes, de 8 a 16 o al tel&eacute;fono 261-4244242.<\/li>\n<li>Acercarte a San Mart&iacute;n 285 de Ciudad o a los diferentes Centros de Atenci&oacute;n de Usuarios (CAU) y delegaciones del EPRE de cada departamento.<\/li>\n<li>Ingres&aacute; a la p&aacute;gina web: www.epremendoza.gov.ar<\/li>\n<li>A trav&eacute;s de las redes sociales facebook, EPRE Mendoza y twitter, @epremendoza<\/li>\n<\/ul>\n<p>&nbsp;<\/p>\n<p><strong>Electrodependientes<\/strong><\/p>\n<p>Las personas electrodependientes por cuestiones de salud son aquellas que deben tener energ&iacute;a el&eacute;ctrica para utilizar aparatolog&iacute;a o para mantener la cadena de fr&iacute;o de sus medicamentos y as&iacute; evitar riesgos en su vida o su salud.<\/p>\n<p>Algunos de los usuarios que entran en esta categor&iacute;a son las que utilizan:<\/p>\n<p>&ndash; Oxigenoterapia domiciliaria<\/p>\n<p>&ndash; Aparatolog&iacute;a para alimentaci&oacute;n, tratamiento de asma, apnea<\/p>\n<p>&ndash; Colch&oacute;n antiescara<\/p>\n<p>&ndash; Sillas el&eacute;ctricas<\/p>\n<p>&ndash; Equipamiento el&eacute;ctrico para mejorar la calidad de vida (pacientes inmunodeprimidos, con esclerosis m&uacute;ltiple, paraplejias, hemiplejias u otras enfermedades cr&oacute;nicas que deben utilizar ese tipo de equipamiento)<\/p>\n<p>&ndash; Calefacci&oacute;n el&eacute;ctrica cuando por indicaci&oacute;n m&eacute;dica no puede ser con gas natural<\/p>\n<p>&ndash; Inmunodependientes<\/p>\n<\/body><\/html>\n","protected":false},"excerpt":{"rendered":"Fue en una charla que brind\u00f3 el gerente T\u00e9cnico del Ente Provincial Regulador El\u00e9ctrico, H\u00e9ctor Laspada, a los referentes de las sedes de OSEP en el territorio.","protected":false},"author":2,"featured_media":94718,"comment_status":"open","ping_status":"open","sticky":false,"template":"","format":"standard","meta":[],"categories":[30],"tags":[],"_links":{"self":[{"href":"https:\/\/www.mendoza.gov.ar\/prensa\/wp-json\/wp\/v2\/posts\/94717"}],"collection":[{"href":"https:\/\/www.mendoza.gov.ar\/prensa\/wp-json\/wp\/v2\/posts"}],"about":[{"href":"https:\/\/www.mendoza.gov.ar\/prensa\/wp-json\/wp\/v2\/types\/post"}],"author":[{"embeddable":true,"href":"https:\/\/www.mendoza.gov.ar\/prensa\/wp-json\/wp\/v2\/users\/2"}],"replies":[{"embeddable":true,"href":"https:\/\/www.mendoza.gov.ar\/prensa\/wp-json\/wp\/v2\/comments?post=94717"}],"version-history":[{"count":0,"href":"https:\/\/www.mendoza.gov.ar\/prensa\/wp-json\/wp\/v2\/posts\/94717\/revisions"}],"wp:featuredmedia":[{"embeddable":true,"href":"https:\/\/www.mendoza.gov.ar\/prensa\/wp-json\/wp\/v2\/media\/94718"}],"wp:attachment":[{"href":"https:\/\/www.mendoza.gov.ar\/prensa\/wp-json\/wp\/v2\/media?parent=94717"}],"wp:term":[{"taxonomy":"category","embeddable":true,"href":"https:\/\/www.mendoza.gov.ar\/prensa\/wp-json\/wp\/v2\/categories?post=94717"},{"taxonomy":"post_tag","embeddable":true,"href":"https:\/\/www.mendoza.gov.ar\/prensa\/wp-json\/wp\/v2\/tags?post=94717"}],"curies":[{"name":"wp","href":"https:\/\/api.w.org\/{rel}","templated":true}]}}