{"id":94734,"date":"2017-06-25T11:23:04","date_gmt":"2017-06-25T14:23:04","guid":{"rendered":"http:\/\/prensa.mendoza.gov.ar\/?p=94734"},"modified":"2019-03-11T10:03:23","modified_gmt":"2019-03-11T13:03:23","slug":"censaran-a-personas-que-trabajan-en-basurales-de-todo-el-unicipio","status":"publish","type":"post","link":"https:\/\/www.mendoza.gov.ar\/prensa\/censaran-a-personas-que-trabajan-en-basurales-de-todo-el-unicipio\/","title":{"rendered":"Censar\u00e1n a personas que trabajan en basurales de todo el UNICIPIO"},"content":{"rendered":"<!DOCTYPE html PUBLIC \"-\/\/W3C\/\/DTD HTML 4.0 Transitional\/\/EN\" \"http:\/\/www.w3.org\/TR\/REC-html40\/loose.dtd\">\n<html><body><p>Organizado por la Secretar&iacute;a de Ambiente y Ordenamiento Territorial con la colaboraci&oacute;n del Programa Nodos de Innovaci&oacute;n Social de la Naci&oacute;n, se llev&oacute; a cabo la presentaci&oacute;n de la primera etapa del Plan de Inclusi&oacute;n Social de los recuperadores de residuos urbanos (PISO), en el marco de la Gesti&oacute;n de los Residuos S&oacute;lidos Urbanos.<\/p>\n<p>Este Plan, en lo inmediato se plantea la necesidad de conocer con certeza cu&aacute;ntas personas en el &Aacute;rea Metropolitana de Mendoza (UNICIPIO) viven del trabajo informal en basurales.<\/p>\n<p>Bajo la coordinaci&oacute;n t&eacute;cnica de la Universidad Nacional de Cuyo junto a Alicia Montoya de la Fundaci&oacute;n AVINA -experta en este tipo de iniciativas, en varios pa&iacute;ses de Am&eacute;rica Latina y de&nbsp;Buenos Aires-, se llevar&aacute; adelante un censo para conocer cu&aacute;ntas familias en el &Aacute;rea Metropolitana de Mendoza viven de tareas vinculadas a la basura.<\/p>\n<p>Participaron de la reuni&oacute;n la coordinadora de UNICIPIO, Graciela Marty y una representante de la Direcci&oacute;n de Protecci&oacute;n Ambiental &ndash;dependientes de la Secretar&iacute;a de Ambiente y Ordenamiento Territorial-; el director de Innovaci&oacute;n Social y Desarrollo Sostenible, Guillermo Navarro; especialistas de la Universidad Nacional de Cuyo y los directores de Ambiente de los municipios miembros de UNICIPIO.<\/p>\n<\/body><\/html>\n","protected":false},"excerpt":{"rendered":"Es en el marco de la primera etapa del Plan de Inclusi\u00f3n Social de los recuperadores de residuos urbanos (PISO). Busca conocer cu\u00e1ntas familias en el \u00c1rea Metropolitana de Mendoza viven de tareas vinculadas a la basura.","protected":false},"author":2,"featured_media":94735,"comment_status":"open","ping_status":"open","sticky":false,"template":"","format":"standard","meta":[],"categories":[3,1792],"tags":[],"_links":{"self":[{"href":"https:\/\/www.mendoza.gov.ar\/prensa\/wp-json\/wp\/v2\/posts\/94734"}],"collection":[{"href":"https:\/\/www.mendoza.gov.ar\/prensa\/wp-json\/wp\/v2\/posts"}],"about":[{"href":"https:\/\/www.mendoza.gov.ar\/prensa\/wp-json\/wp\/v2\/types\/post"}],"author":[{"embeddable":true,"href":"https:\/\/www.mendoza.gov.ar\/prensa\/wp-json\/wp\/v2\/users\/2"}],"replies":[{"embeddable":true,"href":"https:\/\/www.mendoza.gov.ar\/prensa\/wp-json\/wp\/v2\/comments?post=94734"}],"version-history":[{"count":1,"href":"https:\/\/www.mendoza.gov.ar\/prensa\/wp-json\/wp\/v2\/posts\/94734\/revisions"}],"predecessor-version":[{"id":175740,"href":"https:\/\/www.mendoza.gov.ar\/prensa\/wp-json\/wp\/v2\/posts\/94734\/revisions\/175740"}],"wp:featuredmedia":[{"embeddable":true,"href":"https:\/\/www.mendoza.gov.ar\/prensa\/wp-json\/wp\/v2\/media\/94735"}],"wp:attachment":[{"href":"https:\/\/www.mendoza.gov.ar\/prensa\/wp-json\/wp\/v2\/media?parent=94734"}],"wp:term":[{"taxonomy":"category","embeddable":true,"href":"https:\/\/www.mendoza.gov.ar\/prensa\/wp-json\/wp\/v2\/categories?post=94734"},{"taxonomy":"post_tag","embeddable":true,"href":"https:\/\/www.mendoza.gov.ar\/prensa\/wp-json\/wp\/v2\/tags?post=94734"}],"curies":[{"name":"wp","href":"https:\/\/api.w.org\/{rel}","templated":true}]}}