{"id":94778,"date":"2017-06-26T10:15:04","date_gmt":"2017-06-26T13:15:04","guid":{"rendered":"http:\/\/prensa.mendoza.gov.ar\/?p=94778"},"modified":"2017-06-26T10:15:04","modified_gmt":"2017-06-26T13:15:04","slug":"presentaron-la-campana-bonarda-argentina-en-casa-de-mendoza-en-buenos-aires","status":"publish","type":"post","link":"https:\/\/www.mendoza.gov.ar\/prensa\/presentaron-la-campana-bonarda-argentina-en-casa-de-mendoza-en-buenos-aires\/","title":{"rendered":"Presentaron la campa\u00f1a Bonarda Argentina en Casa de Mendoza en Buenos Aires"},"content":{"rendered":"<!DOCTYPE html PUBLIC \"-\/\/W3C\/\/DTD HTML 4.0 Transitional\/\/EN\" \"http:\/\/www.w3.org\/TR\/REC-html40\/loose.dtd\">\n<html><body><p>La Municipalidad de San Mart&iacute;n y la Casa de Mendoza en Buenos Aires, organizaron un evento de presentaci&oacute;n de la Bonarda Argentina.<\/p>\n<p>Durante el encuentro, se pudieron degustar m&aacute;s de 40 etiquetas de las bodegas Gim&eacute;nez Riili, Iaccarini, Nieto Senetiner, Lamadrid, Durigutti, Dante Robino, Colonia Las Liebres, Niven, Aleanna-El Enemigo, Morcos, Mi Estancia, Ariel Esteban, La A&ntilde;orada, Casa La Primavera, Crotta, Familia Busetti, Almahuar, Ar&iacute;stides, Roales,, Rafael Biondi, Garavaglia Wines, Algod&oacute;n, Gouguenheim Winery, Minga, Los Haroldos, Marcelo Rodr&iacute;guez.<\/p>\n<p>Al respecto, Bartolom&eacute; Robles, presidente del Concejo Deliberante de San Mart&iacute;n afirm&oacute;: &ldquo;Poner en valor y dar a conocer las bondades y el potencial de la Bonarda Argentina como varietal, es lo que nos motiva. Sab&iacute;amos desde el comienzo que es un largo camino a recorrer, pero gracias al trabajo conjunto del sector p&uacute;blico y privado, es gratificante ver c&oacute;mo va creciendo la presencia de bonardas 100% tanto en cantidad como en calidad&rdquo;.<\/p>\n<p>Esta acci&oacute;n que se desarroll&oacute; en Casa de Mendoza forma parte del plan que viene desarrollando la Municipalidad de San Mart&iacute;n para promocionar la variedad bonarda y ha incluido la participaci&oacute;n en diferentes ferias de vinos, asesoramiento t&eacute;cnico a bodegas, presentaci&oacute;n del varietal en Nueva York y organizaci&oacute;n de eventos que promueven la exportaci&oacute;n de bonardas. Entre ellas, se destaca la realizada en conjunto con ProMendoza, que finaliz&oacute; con un &eacute;xito rotundo, ya que cuatro bodegas consiguieron vender sus vinos&nbsp;a importadores de una misi&oacute;n comercial china.<\/p>\n<\/body><\/html>\n","protected":false},"excerpt":{"rendered":"En el marco de la promoci\u00f3n econ\u00f3mica de la Provincia, el evento fue organizado en conjunto entre la Municipalidad de San Mart\u00edn y la Casa de Mendoza en Buenos Aires, con el objetivo de promocionar este varietal entre sommeliers, periodistas y blogueros especializados en vinos.","protected":false},"author":2,"featured_media":94779,"comment_status":"open","ping_status":"open","sticky":false,"template":"","format":"standard","meta":[],"categories":[7],"tags":[],"_links":{"self":[{"href":"https:\/\/www.mendoza.gov.ar\/prensa\/wp-json\/wp\/v2\/posts\/94778"}],"collection":[{"href":"https:\/\/www.mendoza.gov.ar\/prensa\/wp-json\/wp\/v2\/posts"}],"about":[{"href":"https:\/\/www.mendoza.gov.ar\/prensa\/wp-json\/wp\/v2\/types\/post"}],"author":[{"embeddable":true,"href":"https:\/\/www.mendoza.gov.ar\/prensa\/wp-json\/wp\/v2\/users\/2"}],"replies":[{"embeddable":true,"href":"https:\/\/www.mendoza.gov.ar\/prensa\/wp-json\/wp\/v2\/comments?post=94778"}],"version-history":[{"count":0,"href":"https:\/\/www.mendoza.gov.ar\/prensa\/wp-json\/wp\/v2\/posts\/94778\/revisions"}],"wp:featuredmedia":[{"embeddable":true,"href":"https:\/\/www.mendoza.gov.ar\/prensa\/wp-json\/wp\/v2\/media\/94779"}],"wp:attachment":[{"href":"https:\/\/www.mendoza.gov.ar\/prensa\/wp-json\/wp\/v2\/media?parent=94778"}],"wp:term":[{"taxonomy":"category","embeddable":true,"href":"https:\/\/www.mendoza.gov.ar\/prensa\/wp-json\/wp\/v2\/categories?post=94778"},{"taxonomy":"post_tag","embeddable":true,"href":"https:\/\/www.mendoza.gov.ar\/prensa\/wp-json\/wp\/v2\/tags?post=94778"}],"curies":[{"name":"wp","href":"https:\/\/api.w.org\/{rel}","templated":true}]}}