{"id":94792,"date":"2017-06-26T11:51:54","date_gmt":"2017-06-26T14:51:54","guid":{"rendered":"http:\/\/prensa.mendoza.gov.ar\/?p=94792"},"modified":"2017-06-26T11:51:54","modified_gmt":"2017-06-26T14:51:54","slug":"osep-firmo-un-convenio-con-la-obra-social-de-neuquen","status":"publish","type":"post","link":"https:\/\/www.mendoza.gov.ar\/prensa\/osep-firmo-un-convenio-con-la-obra-social-de-neuquen\/","title":{"rendered":"OSEP firm\u00f3 un convenio con la Obra Social de Neuqu\u00e9n"},"content":{"rendered":"<!DOCTYPE html PUBLIC \"-\/\/W3C\/\/DTD HTML 4.0 Transitional\/\/EN\" \"http:\/\/www.w3.org\/TR\/REC-html40\/loose.dtd\">\n<html><body><div id=\"m_-7982780567869254129yui_3_16_0_ym19_1_1498487205061_5800\">\nEl director General de OSEP, Sergio Vergara, firm&oacute; un convenio de atenci&oacute;n rec&iacute;proca con el Instituto de Seguridad Social del Neuqu&eacute;n (ISSN). El administrador general, N&eacute;stor Hugo Mart&iacute;n fue quien represent&oacute; a la Obra Social de la Provincia vecina.\n<p>El acuerdo significa una relaci&oacute;n directa entre ambas instituciones, permitiendo coordinar y agilizar los tr&aacute;mites en las prestaciones m&eacute;dicas.<\/p>\n<p>Este tipo de cobertura beneficia a los afiliados neuquinos que viven en Mendoza que son alrededor de 200 y a los de OSEP que est&aacute;n radicados en aquella provincia, aproximadamente 50.<\/p>\n<p>El convenio asistencial tambi&eacute;n incluye a quienes sean derivados o est&eacute;n en condici&oacute;n de &ldquo;afiliados en tr&aacute;nsito&rdquo;.<\/p><\/div>\n<\/body><\/html>\n","protected":false},"excerpt":{"rendered":"Contempla la atenci\u00f3n rec\u00edproca con el Instituto de Seguridad Social del Neuqu\u00e9n (ISSN) y la obra social mendocina.","protected":false},"author":2,"featured_media":94793,"comment_status":"open","ping_status":"open","sticky":false,"template":"","format":"standard","meta":[],"categories":[30],"tags":[],"_links":{"self":[{"href":"https:\/\/www.mendoza.gov.ar\/prensa\/wp-json\/wp\/v2\/posts\/94792"}],"collection":[{"href":"https:\/\/www.mendoza.gov.ar\/prensa\/wp-json\/wp\/v2\/posts"}],"about":[{"href":"https:\/\/www.mendoza.gov.ar\/prensa\/wp-json\/wp\/v2\/types\/post"}],"author":[{"embeddable":true,"href":"https:\/\/www.mendoza.gov.ar\/prensa\/wp-json\/wp\/v2\/users\/2"}],"replies":[{"embeddable":true,"href":"https:\/\/www.mendoza.gov.ar\/prensa\/wp-json\/wp\/v2\/comments?post=94792"}],"version-history":[{"count":0,"href":"https:\/\/www.mendoza.gov.ar\/prensa\/wp-json\/wp\/v2\/posts\/94792\/revisions"}],"wp:featuredmedia":[{"embeddable":true,"href":"https:\/\/www.mendoza.gov.ar\/prensa\/wp-json\/wp\/v2\/media\/94793"}],"wp:attachment":[{"href":"https:\/\/www.mendoza.gov.ar\/prensa\/wp-json\/wp\/v2\/media?parent=94792"}],"wp:term":[{"taxonomy":"category","embeddable":true,"href":"https:\/\/www.mendoza.gov.ar\/prensa\/wp-json\/wp\/v2\/categories?post=94792"},{"taxonomy":"post_tag","embeddable":true,"href":"https:\/\/www.mendoza.gov.ar\/prensa\/wp-json\/wp\/v2\/tags?post=94792"}],"curies":[{"name":"wp","href":"https:\/\/api.w.org\/{rel}","templated":true}]}}