{"id":95201,"date":"2017-07-01T09:00:40","date_gmt":"2017-07-01T12:00:40","guid":{"rendered":"http:\/\/prensa.mendoza.gov.ar\/?p=95201"},"modified":"2017-07-01T09:00:40","modified_gmt":"2017-07-01T12:00:40","slug":"expediente-electronico-capacitacion-al-personal-de-la-casa-de-mendoza","status":"publish","type":"post","link":"https:\/\/www.mendoza.gov.ar\/prensa\/expediente-electronico-capacitacion-al-personal-de-la-casa-de-mendoza\/","title":{"rendered":"Expediente electr\u00f3nico: capacitaci\u00f3n al personal de la Casa de Mendoza"},"content":{"rendered":"<!DOCTYPE html PUBLIC \"-\/\/W3C\/\/DTD HTML 4.0 Transitional\/\/EN\" \"http:\/\/www.w3.org\/TR\/REC-html40\/loose.dtd\">\n<html><body><p><span lang=\"ES\">El Ejecutivo provincial avanza en la capacitaci&oacute;n sobre el expediente electr&oacute;nico. Esta semana fue el turno del personal de Casa de Mendoza, dependiente del Ministerio de Gobierno, Trabajo y Justicia. Guillermo Garc&iacute;a T&eacute;cnico Superior en An&aacute;lisis de Sistema dependiente de la Direcci&oacute;n de Inform&aacute;tica y Comunicaciones, fue el responsable de capacitar al personal de Casa de Mendoza en Buenos Aires.<\/span><\/p>\n<p><a href=\"https:\/\/www.mendoza.gov.ar\/prensa\/wp-content\/uploads\/sites\/23\/cap.jpg\"><img loading=\"lazy\" class=\"alignnone wp-image-95203 img-responsive center-block\" src=\"https:\/\/www.mendoza.gov.ar\/prensa\/wp-content\/uploads\/sites\/23\/cap.jpg\" alt=\"\" width=\"650\" height=\"433\"><\/a><\/p>\n<p><span lang=\"ES\">De esta manera se agilizar&aacute;n todos los tramites que Casa de Mendoza debe remitir a la provincia por medio de la empresa de correo todas las semanas, no solo en ahorro de papel, sino esencialmente una mejora en la calidad del servicio, porque dota de transparencia al sistema y permite el seguimiento permanente al administrado, adem&aacute;s implica mayor eficiencia en la gesti&oacute;n en menos tiempo para los tr&aacute;mites, debido fundamentalmente a la distancia entre la provincia y la Ciudad Aut&oacute;noma de Buenos Aires donde se encuentra Casa de Mendoza.&nbsp;<\/span><\/p>\n<\/body><\/html>\n","protected":false},"excerpt":{"rendered":"El personal de Casa de Mendoza en Buenos Aires recibi\u00f3 capacitaci\u00f3n sobre el manejo de las piezas administrativas en formato electr\u00f3nico. La inclusi\u00f3n de esta herramienta resulta fundamental para la mejora de los servicios que recibe y utiliza el ciudadano.","protected":false},"author":2,"featured_media":95202,"comment_status":"open","ping_status":"open","sticky":false,"template":"","format":"standard","meta":[],"categories":[7,20],"tags":[],"_links":{"self":[{"href":"https:\/\/www.mendoza.gov.ar\/prensa\/wp-json\/wp\/v2\/posts\/95201"}],"collection":[{"href":"https:\/\/www.mendoza.gov.ar\/prensa\/wp-json\/wp\/v2\/posts"}],"about":[{"href":"https:\/\/www.mendoza.gov.ar\/prensa\/wp-json\/wp\/v2\/types\/post"}],"author":[{"embeddable":true,"href":"https:\/\/www.mendoza.gov.ar\/prensa\/wp-json\/wp\/v2\/users\/2"}],"replies":[{"embeddable":true,"href":"https:\/\/www.mendoza.gov.ar\/prensa\/wp-json\/wp\/v2\/comments?post=95201"}],"version-history":[{"count":0,"href":"https:\/\/www.mendoza.gov.ar\/prensa\/wp-json\/wp\/v2\/posts\/95201\/revisions"}],"wp:featuredmedia":[{"embeddable":true,"href":"https:\/\/www.mendoza.gov.ar\/prensa\/wp-json\/wp\/v2\/media\/95202"}],"wp:attachment":[{"href":"https:\/\/www.mendoza.gov.ar\/prensa\/wp-json\/wp\/v2\/media?parent=95201"}],"wp:term":[{"taxonomy":"category","embeddable":true,"href":"https:\/\/www.mendoza.gov.ar\/prensa\/wp-json\/wp\/v2\/categories?post=95201"},{"taxonomy":"post_tag","embeddable":true,"href":"https:\/\/www.mendoza.gov.ar\/prensa\/wp-json\/wp\/v2\/tags?post=95201"}],"curies":[{"name":"wp","href":"https:\/\/api.w.org\/{rel}","templated":true}]}}