{"id":95212,"date":"2017-07-02T09:00:16","date_gmt":"2017-07-02T12:00:16","guid":{"rendered":"http:\/\/prensa.mendoza.gov.ar\/?p=95212"},"modified":"2017-07-02T09:00:16","modified_gmt":"2017-07-02T12:00:16","slug":"transporte-publico-continuan-los-desvios-en-el-gran-mendoza","status":"publish","type":"post","link":"https:\/\/www.mendoza.gov.ar\/prensa\/transporte-publico-continuan-los-desvios-en-el-gran-mendoza\/","title":{"rendered":"Transporte p\u00fablico: contin\u00faan los desv\u00edos en el Gran Mendoza"},"content":{"rendered":"<!DOCTYPE html PUBLIC \"-\/\/W3C\/\/DTD HTML 4.0 Transitional\/\/EN\" \"http:\/\/www.w3.org\/TR\/REC-html40\/loose.dtd\">\n<html><body><p>Los municipios del &Aacute;rea Metropolitana contin&uacute;an trabajando en varias calles y en la instalaci&oacute;n de redes cloacales para mejorar los servicios a la comunidad. Por ello se ver&aacute;n afectadas importantes avenidas de los departamentos de Ciudad, Maip&uacute; y Las Heras. A continuaci&oacute;n, se enuncian los servicios de transporte que deber&aacute;n modificar temporalmente su traza.<\/p>\n<p><strong>Ciudad de Mendoza<\/strong><\/p>\n<p>Corte en Av. San Mart&iacute;n entre Videla Correa y Santiago del Estero. Se extender&aacute; por 20 d&iacute;as y los servicios afectados son:<\/p>\n<ul>\n<li>Grupo 6 l&iacute;neas 61-63-66-68.<\/li>\n<li>Grupo 4 l&iacute;neas 84-86.<\/li>\n<li>Grupo 300.<\/li>\n<\/ul>\n<p>Todos en su recorrido de centro a zona tomar&aacute;n por San Mart&iacute;n, Santa Fe, Esqui&uacute;&nbsp;y&nbsp;San Mart&iacute;n. En v&iacute;a zona a centro, ir&aacute;n por San Mart&iacute;n, Bogado, 9 de Julio, Pellegrini&nbsp;y San Mart&iacute;n.<\/p>\n<p><strong>Maip&uacute;<\/strong><\/p>\n<p>Corte en calle San Mart&iacute;n entre Pescara y Patricias Argentinas. El plazo de ejecuci&oacute;n de obra ser&aacute; de 30 d&iacute;as y las modificaciones en el transporte son:<\/p>\n<ul>\n<li>Grupo 10, Grupo 9 y Grupo 1: todos los servicios que circulan por carril Ozamis hacia el sur; Pedro V&aacute;zquez hacia el norte y Tropero Sosa hacia el oeste, desviar&aacute;n por Tropero Sosa, Patricias Argentinas, San Mart&iacute;n y retomar&aacute;n su recorrido.<\/li>\n<li>Grupo 9 L&iacute;nea 163 (Tropero Sosa) que tomar&aacute; por Ozamis, Mitre, Godoy<br>\nCruz y retomar&aacute; su traza habitual.<\/li>\n<li>Grupo 750, que circula por calle Sarmiento hacia el oeste, tomar&aacute; por Patricias Argentinas, San Mart&iacute;n, para retomar su recorrido normal.<\/li>\n<\/ul>\n<p><a href=\"https:\/\/www.mendoza.gov.ar\/prensa\/wp-content\/uploads\/sites\/23\/lubo.jpg\"><img loading=\"lazy\" class=\"alignnone wp-image-95215 img-responsive center-block\" src=\"https:\/\/www.mendoza.gov.ar\/prensa\/wp-content\/uploads\/sites\/23\/lubo.jpg\" alt=\"\" width=\"650\" height=\"460\"><\/a><\/p>\n<p><strong>Las Heras<\/strong><\/p>\n<p>Corte en calle Dorrego entre Lamadrid y Olascoaga. Los trabajos se extender&aacute;n 100 d&iacute;as y afectar&aacute;n a los siguientes servicios:<\/p>\n<p>Grupo 6 l&iacute;nea 66.<\/p>\n<p>Grupo 4 l&iacute;nea 86.<\/p>\n<p>Grupo 3 l&iacute;nea 116.<\/p>\n<p>Temporalmente, circular&aacute;n por Dorrego, Olascoaga, Mart&iacute;nez, Lamadrid<br>\npara retomar su traza habitual. En esta oportunidad se establecen como<br>\nparadas alternativas Lamadrid y callej&oacute;n Moyano y callej&oacute;n Moyano y<br>\nentrada al barrio Colombia.<\/p>\n<p>Todos los desv&iacute;os que rigen actualmente pueden ser consultados en la aplicaci&oacute;n &ldquo;Mi Recorrido&rdquo; o ben a trav&eacute;s de la p&aacute;gina disponible en Facebook.<\/p>\n<\/body><\/html>\n","protected":false},"excerpt":{"rendered":"Es por las obras de renovaci\u00f3n en calles y avenidas en los departamentos de Ciudad, Maip\u00fa y Las Heras. ","protected":false},"author":2,"featured_media":95214,"comment_status":"open","ping_status":"open","sticky":false,"template":"","format":"standard","meta":[],"categories":[34],"tags":[],"_links":{"self":[{"href":"https:\/\/www.mendoza.gov.ar\/prensa\/wp-json\/wp\/v2\/posts\/95212"}],"collection":[{"href":"https:\/\/www.mendoza.gov.ar\/prensa\/wp-json\/wp\/v2\/posts"}],"about":[{"href":"https:\/\/www.mendoza.gov.ar\/prensa\/wp-json\/wp\/v2\/types\/post"}],"author":[{"embeddable":true,"href":"https:\/\/www.mendoza.gov.ar\/prensa\/wp-json\/wp\/v2\/users\/2"}],"replies":[{"embeddable":true,"href":"https:\/\/www.mendoza.gov.ar\/prensa\/wp-json\/wp\/v2\/comments?post=95212"}],"version-history":[{"count":0,"href":"https:\/\/www.mendoza.gov.ar\/prensa\/wp-json\/wp\/v2\/posts\/95212\/revisions"}],"wp:featuredmedia":[{"embeddable":true,"href":"https:\/\/www.mendoza.gov.ar\/prensa\/wp-json\/wp\/v2\/media\/95214"}],"wp:attachment":[{"href":"https:\/\/www.mendoza.gov.ar\/prensa\/wp-json\/wp\/v2\/media?parent=95212"}],"wp:term":[{"taxonomy":"category","embeddable":true,"href":"https:\/\/www.mendoza.gov.ar\/prensa\/wp-json\/wp\/v2\/categories?post=95212"},{"taxonomy":"post_tag","embeddable":true,"href":"https:\/\/www.mendoza.gov.ar\/prensa\/wp-json\/wp\/v2\/tags?post=95212"}],"curies":[{"name":"wp","href":"https:\/\/api.w.org\/{rel}","templated":true}]}}