{"id":95343,"date":"2017-07-02T12:13:54","date_gmt":"2017-07-02T15:13:54","guid":{"rendered":"http:\/\/prensa.mendoza.gov.ar\/?p=95343"},"modified":"2017-07-02T12:13:54","modified_gmt":"2017-07-02T15:13:54","slug":"ambiente-recibira-a-los-peces-del-lago-del-parque-central","status":"publish","type":"post","link":"https:\/\/www.mendoza.gov.ar\/prensa\/ambiente-recibira-a-los-peces-del-lago-del-parque-central\/","title":{"rendered":"Ambiente recibir\u00e1 a los peces del lago del Parque Central"},"content":{"rendered":"<!DOCTYPE html PUBLIC \"-\/\/W3C\/\/DTD HTML 4.0 Transitional\/\/EN\" \"http:\/\/www.w3.org\/TR\/REC-html40\/loose.dtd\">\n<html><body><p>Luego de las reiteradas denuncias por el estado cr&iacute;tico y sanitario de los peces que se alojan en el Lago del Parque Central de la Municipalidad de la Ciudad de Mendoza, la Secretar&iacute;a de Ambiente y Ordenamiento Territorial de la Provincia, albergar&aacute; a los acu&aacute;ticos en el Lago del Parque General San Mart&iacute;n, para que luego personal del Municipio Capitalino inicie un tratamiento de rehabilitaci&oacute;n a los animales.<\/p>\n<div dir=\"auto\">\n<div dir=\"auto\">El acuerdo se realiz&oacute; de manera urgente, para que en el d&iacute;a de la fecha se realice, en gran mayor&iacute;a, el traslado de los animales acu&aacute;ticos al Parque General San Mart&iacute;n, en donde ser&aacute;n recibidos por personal de la Direcci&oacute;n de Parques y la Direcci&oacute;n de Recursos Naturales Renovables, conjuntamente con la Municipalidad de la Capital. En el otro restante, ser&aacute; albergado en el Acuario Municipal.<\/div>\n<\/div>\n<\/body><\/html>\n","protected":false},"excerpt":{"rendered":"\nCerca de 120 peces ser\u00e1n trasladados al Lago del Parque General San Mart\u00edn y el Acuario Municipal para que el Municipio de la Capital realice un tratamiento de rehabilitaci\u00f3n con los animales.\n","protected":false},"author":2,"featured_media":95344,"comment_status":"open","ping_status":"open","sticky":false,"template":"","format":"standard","meta":[],"categories":[3],"tags":[],"_links":{"self":[{"href":"https:\/\/www.mendoza.gov.ar\/prensa\/wp-json\/wp\/v2\/posts\/95343"}],"collection":[{"href":"https:\/\/www.mendoza.gov.ar\/prensa\/wp-json\/wp\/v2\/posts"}],"about":[{"href":"https:\/\/www.mendoza.gov.ar\/prensa\/wp-json\/wp\/v2\/types\/post"}],"author":[{"embeddable":true,"href":"https:\/\/www.mendoza.gov.ar\/prensa\/wp-json\/wp\/v2\/users\/2"}],"replies":[{"embeddable":true,"href":"https:\/\/www.mendoza.gov.ar\/prensa\/wp-json\/wp\/v2\/comments?post=95343"}],"version-history":[{"count":0,"href":"https:\/\/www.mendoza.gov.ar\/prensa\/wp-json\/wp\/v2\/posts\/95343\/revisions"}],"wp:featuredmedia":[{"embeddable":true,"href":"https:\/\/www.mendoza.gov.ar\/prensa\/wp-json\/wp\/v2\/media\/95344"}],"wp:attachment":[{"href":"https:\/\/www.mendoza.gov.ar\/prensa\/wp-json\/wp\/v2\/media?parent=95343"}],"wp:term":[{"taxonomy":"category","embeddable":true,"href":"https:\/\/www.mendoza.gov.ar\/prensa\/wp-json\/wp\/v2\/categories?post=95343"},{"taxonomy":"post_tag","embeddable":true,"href":"https:\/\/www.mendoza.gov.ar\/prensa\/wp-json\/wp\/v2\/tags?post=95343"}],"curies":[{"name":"wp","href":"https:\/\/api.w.org\/{rel}","templated":true}]}}