{"id":95578,"date":"2017-07-05T08:50:00","date_gmt":"2017-07-05T11:50:00","guid":{"rendered":"http:\/\/prensa.mendoza.gov.ar\/?p=95578"},"modified":"2019-03-11T10:01:46","modified_gmt":"2019-03-11T13:01:46","slug":"unicipio-coordinara-politicas-conjuntas-entre-area-metropolitana-y-defensa-civil","status":"publish","type":"post","link":"https:\/\/www.mendoza.gov.ar\/prensa\/unicipio-coordinara-politicas-conjuntas-entre-area-metropolitana-y-defensa-civil\/","title":{"rendered":"UNICIPIO coordinar\u00e1 pol\u00edticas conjuntas entre \u00c1rea Metropolitana\u00a0y Defensa Civil"},"content":{"rendered":"<!DOCTYPE html PUBLIC \"-\/\/W3C\/\/DTD HTML 4.0 Transitional\/\/EN\" \"http:\/\/www.w3.org\/TR\/REC-html40\/loose.dtd\">\n<html><body><p>UNICIPIO, la coordinaci&oacute;n de pol&iacute;ticas p&uacute;blicas del &Aacute;rea Metropolitana de Mendoza, se prepara para incorporar las tem&aacute;ticas que habitualmente aborda Defensa Civil &ndash;referidas a amenazas y riesgos- para que sean abordados con un enfoque integral, interinstitucional entre provincia y municipios afectados en cada caso.<\/p>\n<p>&ldquo;Es la primera reuni&oacute;n en la que la Provincia, a trav&eacute;s de UNICIPIO, convoca a las &aacute;reas de defensa civil de los 7 municipios del &Aacute;rea Metropolitana para empezar a abordar de forma coordinada todos los temas de amenazas y prevenci&oacute;n de riesgos como est&aacute; establecido en el Plan Provincial de Ordenamiento Territorial&rdquo; explic&oacute; el secretario de Ambiente, Humberto Mingorance.<\/p>\n<p>Con el marco de los Estudios Base en Vulnerabilidad y Riesgos que se est&aacute;n llevando a cabo en el &Aacute;rea Metropolitana de Mendoza, comenzaron&nbsp;una ronda de reuniones encaminadas a trabajar a futuro en temas comunes como:<\/p>\n<ul>\n<li>La creaci&oacute;n y puesta en funcionamiento de un Centro de Operaciones de Emergencia Municipal (COEM).<\/li>\n<li>El relevamiento de recursos humanos y materiales de cada uno de los municipios del &Aacute;rea Metropolitana.<\/li>\n<li>La capacitaci&oacute;n y habilitaci&oacute;n profesional de los recursos humanos.<\/li>\n<li>Temas de legislaci&oacute;n y normativas municipales y provinciales.<\/li>\n<\/ul>\n<p>Por parte de la Provincia estuvieron presentes el secretario de Ambiente y Ordenamiento Territorial, Humberto Mingorance; &nbsp;el director de Defensa Civil, Daniel Burrieza;&nbsp;la coordinadora de UNICIPIO, Graciela Marty y los coordinadores municipales en &aacute;reas de Defensa Civil y Planificaci&oacute;n Territorial.<\/p>\n<p><a href=\"https:\/\/www.mendoza.gov.ar\/prensa\/wp-content\/uploads\/sites\/23\/1DSC_5579.jpg\"><img loading=\"lazy\" class=\"alignnone wp-image-95579 img-responsive center-block\" src=\"https:\/\/www.mendoza.gov.ar\/prensa\/wp-content\/uploads\/sites\/23\/1DSC_5579.jpg\" alt=\"\" width=\"650\" height=\"438\"><\/a><\/p>\n<p>&nbsp;<\/p>\n<p>&nbsp;<\/p>\n<\/body><\/html>\n","protected":false},"excerpt":{"rendered":"Amenazas y riesgos ser\u00e1n abordados con un enfoque integral entre municipios y provincia.","protected":false},"author":2,"featured_media":95580,"comment_status":"open","ping_status":"open","sticky":false,"template":"","format":"standard","meta":[],"categories":[3,1792],"tags":[],"_links":{"self":[{"href":"https:\/\/www.mendoza.gov.ar\/prensa\/wp-json\/wp\/v2\/posts\/95578"}],"collection":[{"href":"https:\/\/www.mendoza.gov.ar\/prensa\/wp-json\/wp\/v2\/posts"}],"about":[{"href":"https:\/\/www.mendoza.gov.ar\/prensa\/wp-json\/wp\/v2\/types\/post"}],"author":[{"embeddable":true,"href":"https:\/\/www.mendoza.gov.ar\/prensa\/wp-json\/wp\/v2\/users\/2"}],"replies":[{"embeddable":true,"href":"https:\/\/www.mendoza.gov.ar\/prensa\/wp-json\/wp\/v2\/comments?post=95578"}],"version-history":[{"count":1,"href":"https:\/\/www.mendoza.gov.ar\/prensa\/wp-json\/wp\/v2\/posts\/95578\/revisions"}],"predecessor-version":[{"id":175737,"href":"https:\/\/www.mendoza.gov.ar\/prensa\/wp-json\/wp\/v2\/posts\/95578\/revisions\/175737"}],"wp:featuredmedia":[{"embeddable":true,"href":"https:\/\/www.mendoza.gov.ar\/prensa\/wp-json\/wp\/v2\/media\/95580"}],"wp:attachment":[{"href":"https:\/\/www.mendoza.gov.ar\/prensa\/wp-json\/wp\/v2\/media?parent=95578"}],"wp:term":[{"taxonomy":"category","embeddable":true,"href":"https:\/\/www.mendoza.gov.ar\/prensa\/wp-json\/wp\/v2\/categories?post=95578"},{"taxonomy":"post_tag","embeddable":true,"href":"https:\/\/www.mendoza.gov.ar\/prensa\/wp-json\/wp\/v2\/tags?post=95578"}],"curies":[{"name":"wp","href":"https:\/\/api.w.org\/{rel}","templated":true}]}}