{"id":95761,"date":"2017-07-06T16:19:30","date_gmt":"2017-07-06T19:19:30","guid":{"rendered":"http:\/\/prensa.mendoza.gov.ar\/?p=95761"},"modified":"2017-07-06T16:19:30","modified_gmt":"2017-07-06T19:19:30","slug":"osep-festejo-el-dia-de-la-independencia","status":"publish","type":"post","link":"https:\/\/www.mendoza.gov.ar\/prensa\/osep-festejo-el-dia-de-la-independencia\/","title":{"rendered":"OSEP festej\u00f3 el D\u00eda de la Independencia"},"content":{"rendered":"<!DOCTYPE html PUBLIC \"-\/\/W3C\/\/DTD HTML 4.0 Transitional\/\/EN\" \"http:\/\/www.w3.org\/TR\/REC-html40\/loose.dtd\">\n<html><body><p>Con la presencia del titular de la OSEP, Sergio Vergara y la doctora Teresa Z&aacute;rate de Lara, titular de Atenci&oacute;n a la Salud, la Direcci&oacute;n de Atenci&oacute;n Primaria y Promoci&oacute;n de la Salud de OSEP, a trav&eacute;s de sus programas Salud + Recreaci&oacute;n y Gesti&oacute;n Cl&iacute;nica para Pacientes Cr&oacute;nicos, realiz&oacute; un emotivo acto alusivo al 201 Aniversario de la Independencia Argentina.<\/p>\n<p>El encuentro se llev&oacute; a cabo en el sal&oacute;n vidriado, ubicado en Salta y Vicente L&oacute;pez, frente al edificio Xeltahuina y tuvo una gran convocatoria de la que tomaron parte autoridades, trabajadores y afiliados.<\/p>\n<p>Tras escuchar las palabras de bienvenida de Sergio Vergara, los asistentes disfrutaron la puesta en escena de n&uacute;meros art&iacute;sticos: un momento folcl&oacute;rico, a cargo del profesor Diego Masrur y sus pacientes y otro musical, con la presencia del Coro de OSEP, dirigido por Andr&eacute;s Iacopini. Y para el cierre de la ma&ntilde;ana festiva el tradicional chocolate patrio.<\/p>\n<p><strong>201 a&ntilde;os de Independencia<\/strong><\/p>\n<p>El 9 de julio de 1816, en la hist&oacute;rica Casa de Tucum&aacute;n y con la presencia de diputados de casi todo el territorio, se aprob&oacute; y firm&oacute; la Declaraci&oacute;n de las Provincias Unidas del Sur. Aunque durante los d&iacute;as posteriores se continu&oacute; discutiendo la forma de gobierno, tambi&eacute;n se oficializ&oacute; nuestra bandera, creada cuatro a&ntilde;os antes por Belgrano, dando forma a nuestro propio destino.<\/p>\n<p>Con aciertos, errores, defectos y virtudes han pasado 201 a&ntilde;os de este hecho tan importante que fue celebrado en OSEP por sus distintos actores. As&iacute; autoridades, trabajadores y afiliados compartieron este encuentro con colores celeste y blanco.<\/p>\n<p>&nbsp;<\/p>\n<\/body><\/html>\n","protected":false},"excerpt":{"rendered":"Como parte de las actividades por el D\u00eda de la Independencia, declarada el 9 de julio de 1816, la Obra Social de Empleados P\u00fablicos realiz\u00f3 un acto para sus afiliados. El homenaje se hizo en el nuevo sal\u00f3n vidriado y tuvo gran concurrencia.","protected":false},"author":2,"featured_media":95762,"comment_status":"open","ping_status":"open","sticky":false,"template":"","format":"standard","meta":[],"categories":[30],"tags":[],"_links":{"self":[{"href":"https:\/\/www.mendoza.gov.ar\/prensa\/wp-json\/wp\/v2\/posts\/95761"}],"collection":[{"href":"https:\/\/www.mendoza.gov.ar\/prensa\/wp-json\/wp\/v2\/posts"}],"about":[{"href":"https:\/\/www.mendoza.gov.ar\/prensa\/wp-json\/wp\/v2\/types\/post"}],"author":[{"embeddable":true,"href":"https:\/\/www.mendoza.gov.ar\/prensa\/wp-json\/wp\/v2\/users\/2"}],"replies":[{"embeddable":true,"href":"https:\/\/www.mendoza.gov.ar\/prensa\/wp-json\/wp\/v2\/comments?post=95761"}],"version-history":[{"count":0,"href":"https:\/\/www.mendoza.gov.ar\/prensa\/wp-json\/wp\/v2\/posts\/95761\/revisions"}],"wp:featuredmedia":[{"embeddable":true,"href":"https:\/\/www.mendoza.gov.ar\/prensa\/wp-json\/wp\/v2\/media\/95762"}],"wp:attachment":[{"href":"https:\/\/www.mendoza.gov.ar\/prensa\/wp-json\/wp\/v2\/media?parent=95761"}],"wp:term":[{"taxonomy":"category","embeddable":true,"href":"https:\/\/www.mendoza.gov.ar\/prensa\/wp-json\/wp\/v2\/categories?post=95761"},{"taxonomy":"post_tag","embeddable":true,"href":"https:\/\/www.mendoza.gov.ar\/prensa\/wp-json\/wp\/v2\/tags?post=95761"}],"curies":[{"name":"wp","href":"https:\/\/api.w.org\/{rel}","templated":true}]}}