{"id":95796,"date":"2017-07-07T12:27:05","date_gmt":"2017-07-07T15:27:05","guid":{"rendered":"http:\/\/prensa.mendoza.gov.ar\/?p=95796"},"modified":"2019-03-11T10:01:26","modified_gmt":"2019-03-11T13:01:26","slug":"se-presento-proyecto-de-unicipio-para-mejoras-en-barrio-infanta","status":"publish","type":"post","link":"https:\/\/www.mendoza.gov.ar\/prensa\/se-presento-proyecto-de-unicipio-para-mejoras-en-barrio-infanta\/","title":{"rendered":"Se present\u00f3 proyecto de UNICIPIO\u00a0para mejoras en barrio Infanta"},"content":{"rendered":"<!DOCTYPE html PUBLIC \"-\/\/W3C\/\/DTD HTML 4.0 Transitional\/\/EN\" \"http:\/\/www.w3.org\/TR\/REC-html40\/loose.dtd\">\n<html><body><p>Ayer se present&oacute; el &nbsp;proyecto de &ldquo;Laboratorio de Dise&ntilde;o Urbano&rdquo; para mejorar la calidad de vida de las comunidades locales, encarado por UNICIPIO &ndash;perteneciente a&nbsp; la Secretar&iacute;a de Ambiente y Ordenamiento Territorial &ndash; y cuyo beneficiario directo ser&aacute; el barrio Infanta, en el distrito de El Challao de Las Heras.<\/p>\n<p>Esta&nbsp; presentaci&oacute;n que forma parte de la Iniciativa de Ciudades Emergentes (ICES) con financiamiento del BID, cont&oacute; con la presencia del intendente de Las Heras, Daniel Orozco; &nbsp;la coordinadora de UNICIPIO, Graciela Marty; consultores internacionales y t&eacute;cnicos municipales que participaron del proyecto.<\/p>\n<p><em>&ldquo;<\/em>Lo novedoso de este trabajo, &nbsp;que insumi&oacute; un a&ntilde;o y medio, es su metodolog&iacute;a, que incorpora herramientas de participaci&oacute;n ciudadana al momento de realizar intervenciones urbanas, generando proyectos con mayores &iacute;ndices de identidad y apropiaci&oacute;n ciudadana porque parte de lo que la misma comunidad quiere y sabe que necesita&rdquo; explic&oacute; Graciela Marty, coordinadora de UNICIPIO.<\/p>\n<p>El proyecto conocido internacionalmente como <em>Urban Design Lab<\/em>, parte de un relevamiento del territorio a intervenir, observando todos los indicadores geogr&aacute;ficos, sociales e institucionales.<\/p>\n<p>A trav&eacute;s de t&eacute;cnicas de entrevistas, consultas y talleres comunitarios se elabora una &ldquo;cartograf&iacute;a social&rdquo; que registra aquellos espacios que la comunidad disfruta o quiere desarrollar. Partiendo de la definici&oacute;n de los temas locales emergentes, este proyecto sirve de base para gestionar propuestas de mejoras al Barrio aunque tambi&eacute;n tiene un valor especial porque se trata de una experiencia piloto replicable en otros puntos del &Aacute;rea Metropolitana de Mendoza.<\/p>\n<p>&nbsp;<\/p>\n<\/body><\/html>\n","protected":false},"excerpt":{"rendered":"El programa incorpora herramientas de participaci\u00f3n ciudadana al momento de realizar intervenciones urbanas, entre otras iniciativas. Adem\u00e1s parte de un relevamiento del territorio a intervenir, observando todos los indicadores geogr\u00e1ficos, sociales e institucionales. ","protected":false},"author":2,"featured_media":95827,"comment_status":"open","ping_status":"open","sticky":false,"template":"","format":"standard","meta":[],"categories":[3,1792],"tags":[],"_links":{"self":[{"href":"https:\/\/www.mendoza.gov.ar\/prensa\/wp-json\/wp\/v2\/posts\/95796"}],"collection":[{"href":"https:\/\/www.mendoza.gov.ar\/prensa\/wp-json\/wp\/v2\/posts"}],"about":[{"href":"https:\/\/www.mendoza.gov.ar\/prensa\/wp-json\/wp\/v2\/types\/post"}],"author":[{"embeddable":true,"href":"https:\/\/www.mendoza.gov.ar\/prensa\/wp-json\/wp\/v2\/users\/2"}],"replies":[{"embeddable":true,"href":"https:\/\/www.mendoza.gov.ar\/prensa\/wp-json\/wp\/v2\/comments?post=95796"}],"version-history":[{"count":1,"href":"https:\/\/www.mendoza.gov.ar\/prensa\/wp-json\/wp\/v2\/posts\/95796\/revisions"}],"predecessor-version":[{"id":175736,"href":"https:\/\/www.mendoza.gov.ar\/prensa\/wp-json\/wp\/v2\/posts\/95796\/revisions\/175736"}],"wp:featuredmedia":[{"embeddable":true,"href":"https:\/\/www.mendoza.gov.ar\/prensa\/wp-json\/wp\/v2\/media\/95827"}],"wp:attachment":[{"href":"https:\/\/www.mendoza.gov.ar\/prensa\/wp-json\/wp\/v2\/media?parent=95796"}],"wp:term":[{"taxonomy":"category","embeddable":true,"href":"https:\/\/www.mendoza.gov.ar\/prensa\/wp-json\/wp\/v2\/categories?post=95796"},{"taxonomy":"post_tag","embeddable":true,"href":"https:\/\/www.mendoza.gov.ar\/prensa\/wp-json\/wp\/v2\/tags?post=95796"}],"curies":[{"name":"wp","href":"https:\/\/api.w.org\/{rel}","templated":true}]}}