{"id":95948,"date":"2017-07-08T09:08:18","date_gmt":"2017-07-08T12:08:18","guid":{"rendered":"http:\/\/prensa.mendoza.gov.ar\/?p=95948"},"modified":"2017-07-08T09:08:18","modified_gmt":"2017-07-08T12:08:18","slug":"mendoza-participo-de-un-encuentro-sobre-bosques-nativos-y-cambio-climatico","status":"publish","type":"post","link":"https:\/\/www.mendoza.gov.ar\/prensa\/mendoza-participo-de-un-encuentro-sobre-bosques-nativos-y-cambio-climatico\/","title":{"rendered":"Mendoza particip\u00f3 de un encuentro sobre bosques nativos y cambio clim\u00e1tico"},"content":{"rendered":"<!DOCTYPE html PUBLIC \"-\/\/W3C\/\/DTD HTML 4.0 Transitional\/\/EN\" \"http:\/\/www.w3.org\/TR\/REC-html40\/loose.dtd\">\n<html><body><p>En la Ciudad Aut&oacute;noma de Buenos Aires se llev&oacute; a cabo en el 1&deg; encuentro de di&aacute;logo multisectorial sobre Bosques y Cambio Clim&aacute;tico para las Regiones de Monte y Espinal, &eacute;ste fue el 4&deg; de la serie de reuniones multisectoriales que el Programa Nacional ONU-REDD organiz&oacute; para la construcci&oacute;n de la Estrategia Nacional de Bosques y Cambio Clim&aacute;tico.<\/p>\n<p>En esta oportunidad, el evento reuni&oacute; a representantes clave del sector de gobierno, de ONG socio-ambientales, del sector privado y del sector t&eacute;cnico-acad&eacute;mico, como as&iacute; tambi&eacute;n de Pueblos Originarios y peque&ntilde;os productores de las provincias de La Pampa, La Rioja, C&oacute;rdoba, Entre R&iacute;os, Corrientes, Buenos Aires, San Juan, San&nbsp; Luis, Mendoza y Catamarca.<\/p>\n<p>El jefe de Departamento de Flora Nativa de Mendoza y coordinador de Bosques Nativos, Mariano Bourguet, represent&oacute; a la Provincia y explic&oacute; que &ldquo;estos encuentros regionales tienen como objetivo principal generar insumos espec&iacute;ficos para la formulaci&oacute;n de la Estrategia Nacional de Bosques y Cambio Clim&aacute;tico involucrando a actores clave de las distintas regiones forestales del pa&iacute;s&rdquo;.<\/p>\n<p>&nbsp;<\/p>\n<p>Las jornadas cuentan con el apoyo de un equipo de facilitadores que moderan el encuentro guiando cada una de las actividades y generando espacios de intercambio conformados en mesas de di&aacute;logo y en la realizaci&oacute;n de din&aacute;micas grupales.<\/p>\n<p>&ldquo;Los ejes principales que gu&iacute;an estos encuentros son la problem&aacute;tica vinculada al cambio de uso del suelo y la identificaci&oacute;n de potenciales acciones para mitigar la deforestaci&oacute;n y degradaci&oacute;n forestal en las regiones, como as&iacute; tambi&eacute;n en la identificaci&oacute;n de los principales beneficios sociales y ambientales que aportan los bosques de esas regiones&rdquo;, destac&oacute; Bourguet.<\/p>\n<p>La apertura del evento estuvo a cargo del subsecretario de Cambio Clim&aacute;tico y Desarrollo Sustentable, Carlos Gentile, quien destac&oacute; &ldquo;la importancia de contar con&nbsp; espacios de di&aacute;logo conformados por diversos sectores para poder intercambiar y recabar insumos para la construcci&oacute;n de la Estrategia de Bosques y Cambio Clim&aacute;tico&rdquo;. Luego el director de Bosques, Luis Chauchard, dio unas palabras de bienvenida.<\/p>\n<p>La coordinadora del Programa, Fernanda Alcob&eacute;, junto a Elena Palacios, ambas de la direcci&oacute;n Nacional de Cambio Clim&aacute;tico, y Julieta Bono de la direcci&oacute;n de Bosques y del Ministerio de Ambiente y Desarrollo Sustentable, realizaron una presentaci&oacute;n conjunta donde se expuso el estado de avance del programa y c&oacute;mo este se enmarca en las pol&iacute;ticas nacionales de cambio clim&aacute;tico y de bosques.<\/p>\n<\/body><\/html>\n","protected":false},"excerpt":{"rendered":"Se realiz\u00f3 en Buenos Aires la reuni\u00f3n\u00a0multisectorial para las regiones Monte y Espinal con el objetivo de generar insumos espec\u00edficos para la formulaci\u00f3n de la estrategia nacional de bosques y cambio clim\u00e1tico.","protected":false},"author":2,"featured_media":95949,"comment_status":"open","ping_status":"open","sticky":false,"template":"","format":"standard","meta":[],"categories":[3],"tags":[],"_links":{"self":[{"href":"https:\/\/www.mendoza.gov.ar\/prensa\/wp-json\/wp\/v2\/posts\/95948"}],"collection":[{"href":"https:\/\/www.mendoza.gov.ar\/prensa\/wp-json\/wp\/v2\/posts"}],"about":[{"href":"https:\/\/www.mendoza.gov.ar\/prensa\/wp-json\/wp\/v2\/types\/post"}],"author":[{"embeddable":true,"href":"https:\/\/www.mendoza.gov.ar\/prensa\/wp-json\/wp\/v2\/users\/2"}],"replies":[{"embeddable":true,"href":"https:\/\/www.mendoza.gov.ar\/prensa\/wp-json\/wp\/v2\/comments?post=95948"}],"version-history":[{"count":0,"href":"https:\/\/www.mendoza.gov.ar\/prensa\/wp-json\/wp\/v2\/posts\/95948\/revisions"}],"wp:featuredmedia":[{"embeddable":true,"href":"https:\/\/www.mendoza.gov.ar\/prensa\/wp-json\/wp\/v2\/media\/95949"}],"wp:attachment":[{"href":"https:\/\/www.mendoza.gov.ar\/prensa\/wp-json\/wp\/v2\/media?parent=95948"}],"wp:term":[{"taxonomy":"category","embeddable":true,"href":"https:\/\/www.mendoza.gov.ar\/prensa\/wp-json\/wp\/v2\/categories?post=95948"},{"taxonomy":"post_tag","embeddable":true,"href":"https:\/\/www.mendoza.gov.ar\/prensa\/wp-json\/wp\/v2\/tags?post=95948"}],"curies":[{"name":"wp","href":"https:\/\/api.w.org\/{rel}","templated":true}]}}