{"id":96113,"date":"2017-07-10T16:27:22","date_gmt":"2017-07-10T19:27:22","guid":{"rendered":"http:\/\/prensa.mendoza.gov.ar\/?p=96113"},"modified":"2017-07-10T16:27:22","modified_gmt":"2017-07-10T19:27:22","slug":"los-adultos-mayores-de-65-anos-afiliados-a-osep-no-pagaran-coseguro-en-consulta-de-guardia","status":"publish","type":"post","link":"https:\/\/www.mendoza.gov.ar\/prensa\/los-adultos-mayores-de-65-anos-afiliados-a-osep-no-pagaran-coseguro-en-consulta-de-guardia\/","title":{"rendered":"Los adultos mayores de 65 a\u00f1os afiliados a OSEP no pagar\u00e1n coseguro en consulta de guardia"},"content":{"rendered":"<!DOCTYPE html PUBLIC \"-\/\/W3C\/\/DTD HTML 4.0 Transitional\/\/EN\" \"http:\/\/www.w3.org\/TR\/REC-html40\/loose.dtd\">\n<html><body><div id=\"m_3279598686657366523yui_3_16_0_ym19_1_1499711987067_4562\">Este es un beneficio de OSEP, ampliando las posibilidades de atenci&oacute;n de esta franja etaria, que en definitiva es una de las m&aacute;s vulnerables si de salud hablamos. Los afiliados mayores de 65 a&ntilde;os no abonar&aacute;n coseguro en las guardias en los siguientes lugares:<\/div>\n<div id=\"m_3279598686657366523yui_3_16_0_ym19_1_1499711987067_4566\"><\/div>\n<div id=\"m_3279598686657366523yui_3_16_0_ym19_1_1499711987067_4568\">GRAN MENDOZA<\/div>\n<div id=\"m_3279598686657366523yui_3_16_0_ym19_1_1499711987067_4569\"><\/div>\n<div id=\"m_3279598686657366523yui_3_16_0_ym19_1_1499711987067_4571\">&bull;Cl&iacute;nica Las Heras<\/div>\n<div id=\"m_3279598686657366523yui_3_16_0_ym19_1_1499711987067_4572\">&bull;Cl&iacute;nica Francesa<\/div>\n<div id=\"m_3279598686657366523yui_3_16_0_ym19_1_1499711987067_4573\">&bull;Cl&iacute;nica Santa Mar&iacute;a<\/div>\n<div id=\"m_3279598686657366523yui_3_16_0_ym19_1_1499711987067_4574\">&bull;Sociedad Espa&ntilde;ola de Socorros Mutuos<\/div>\n<div id=\"m_3279598686657366523yui_3_16_0_ym19_1_1499711987067_4575\">&bull;Cl&iacute;nica Luj&aacute;n<\/div>\n<div id=\"m_3279598686657366523yui_3_16_0_ym19_1_1499711987067_4576\">&bull;Hospital Italiano<\/div>\n<div id=\"m_3279598686657366523yui_3_16_0_ym19_1_1499711987067_4577\">&bull;Cl&iacute;nica Santa Clara<\/div>\n<div id=\"m_3279598686657366523yui_3_16_0_ym19_1_1499711987067_4578\">&bull;Hospitales Privados de Mendoza<\/div>\n<div id=\"m_3279598686657366523yui_3_16_0_ym19_1_1499711987067_4579\">&bull;A Mano<\/div>\n<div id=\"m_3279598686657366523yui_3_16_0_ym19_1_1499711987067_4580\">&bull;Asistir<\/div>\n<div id=\"m_3279598686657366523yui_3_16_0_ym19_1_1499711987067_4581\">&bull;Hospital Santa Isabel de Hungr&iacute;a<\/div>\n<div id=\"m_3279598686657366523yui_3_16_0_ym19_1_1499711987067_4582\">&bull;Carfe Salud<\/div>\n<div id=\"m_3279598686657366523yui_3_16_0_ym19_1_1499711987067_4583\"><\/div>\n<div id=\"m_3279598686657366523yui_3_16_0_ym19_1_1499711987067_4585\">ZONA ESTE<\/div>\n<div id=\"m_3279598686657366523yui_3_16_0_ym19_1_1499711987067_4586\"><\/div>\n<div id=\"m_3279598686657366523yui_3_16_0_ym19_1_1499711987067_4588\">&bull;Cl&iacute;nica Ateneo<\/div>\n<div id=\"m_3279598686657366523yui_3_16_0_ym19_1_1499711987067_4589\">&bull;Cl&iacute;nica del Sol<\/div>\n<div id=\"m_3279598686657366523yui_3_16_0_ym19_1_1499711987067_4590\">&bull;Cl&iacute;nica del Este<\/div>\n<div id=\"m_3279598686657366523yui_3_16_0_ym19_1_1499711987067_4591\">&bull;Sanatorio Argentino<\/div>\n<div id=\"m_3279598686657366523yui_3_16_0_ym19_1_1499711987067_4592\">&bull;Grupo Anchorena<\/div>\n<div id=\"m_3279598686657366523yui_3_16_0_ym19_1_1499711987067_4593\"><\/div>\n<div id=\"m_3279598686657366523yui_3_16_0_ym19_1_1499711987067_4595\">ZONA SUR<\/div>\n<div id=\"m_3279598686657366523yui_3_16_0_ym19_1_1499711987067_4596\"><\/div>\n<div id=\"m_3279598686657366523yui_3_16_0_ym19_1_1499711987067_4598\">&bull;Hospital Espa&ntilde;ol del Sur Mendocino<\/div>\n<div id=\"m_3279598686657366523yui_3_16_0_ym19_1_1499711987067_4599\">&bull;Policl&iacute;nica de San Rafael<\/div>\n<div id=\"m_3279598686657366523yui_3_16_0_ym19_1_1499711987067_4600\">&bull;Sanatorio Policl&iacute;nico GASA<\/div>\n<div id=\"m_3279598686657366523yui_3_16_0_ym19_1_1499711987067_4601\">&bull;Policl&iacute;nico Atuel<\/div>\n<div id=\"m_3279598686657366523yui_3_16_0_ym19_1_1499711987067_4602\"><\/div>\n<div id=\"m_3279598686657366523yui_3_16_0_ym19_1_1499711987067_4604\">ZONA VALLE DE UCO<\/div>\n<div id=\"m_3279598686657366523yui_3_16_0_ym19_1_1499711987067_4605\"><\/div>\n<div id=\"m_3279598686657366523yui_3_16_0_ym19_1_1499711987067_4607\">&bull;Cl&iacute;nica Tunuy&aacute;n<\/div>\n<div id=\"m_3279598686657366523yui_3_16_0_ym19_1_1499711987067_4608\">&bull;Sanatorio Valle de Uco<\/div>\n<\/body><\/html>\n","protected":false},"excerpt":{"rendered":"Debido al brote estacional de enfermedades respiratorias y en especial para brindar un aporte a los adultos mayores, OSEP desde ahora y hasta agosto de 2017 inclusive, no cobrar\u00e1 coseguro en las consulta de guardia y las pr\u00e1cticas derivadas la misma, a los adultos mayores de 65 a\u00f1os afiliados a la obra social de toda la provincia.","protected":false},"author":2,"featured_media":96114,"comment_status":"open","ping_status":"open","sticky":false,"template":"","format":"standard","meta":[],"categories":[30],"tags":[],"_links":{"self":[{"href":"https:\/\/www.mendoza.gov.ar\/prensa\/wp-json\/wp\/v2\/posts\/96113"}],"collection":[{"href":"https:\/\/www.mendoza.gov.ar\/prensa\/wp-json\/wp\/v2\/posts"}],"about":[{"href":"https:\/\/www.mendoza.gov.ar\/prensa\/wp-json\/wp\/v2\/types\/post"}],"author":[{"embeddable":true,"href":"https:\/\/www.mendoza.gov.ar\/prensa\/wp-json\/wp\/v2\/users\/2"}],"replies":[{"embeddable":true,"href":"https:\/\/www.mendoza.gov.ar\/prensa\/wp-json\/wp\/v2\/comments?post=96113"}],"version-history":[{"count":0,"href":"https:\/\/www.mendoza.gov.ar\/prensa\/wp-json\/wp\/v2\/posts\/96113\/revisions"}],"wp:featuredmedia":[{"embeddable":true,"href":"https:\/\/www.mendoza.gov.ar\/prensa\/wp-json\/wp\/v2\/media\/96114"}],"wp:attachment":[{"href":"https:\/\/www.mendoza.gov.ar\/prensa\/wp-json\/wp\/v2\/media?parent=96113"}],"wp:term":[{"taxonomy":"category","embeddable":true,"href":"https:\/\/www.mendoza.gov.ar\/prensa\/wp-json\/wp\/v2\/categories?post=96113"},{"taxonomy":"post_tag","embeddable":true,"href":"https:\/\/www.mendoza.gov.ar\/prensa\/wp-json\/wp\/v2\/tags?post=96113"}],"curies":[{"name":"wp","href":"https:\/\/api.w.org\/{rel}","templated":true}]}}