{"id":96167,"date":"2017-07-11T15:23:40","date_gmt":"2017-07-11T18:23:40","guid":{"rendered":"http:\/\/prensa.mendoza.gov.ar\/?p=96167"},"modified":"2017-07-11T15:23:40","modified_gmt":"2017-07-11T18:23:40","slug":"seguridad-vial-buscan-crear-una-red-federal-de-asistencia-de-victimas-y-familiares-de-siniestros","status":"publish","type":"post","link":"https:\/\/www.mendoza.gov.ar\/prensa\/seguridad-vial-buscan-crear-una-red-federal-de-asistencia-de-victimas-y-familiares-de-siniestros\/","title":{"rendered":"Seguridad vial: buscan crear una red federal de asistencia de v\u00edctimas y familiares de siniestros"},"content":{"rendered":"<!DOCTYPE html PUBLIC \"-\/\/W3C\/\/DTD HTML 4.0 Transitional\/\/EN\" \"http:\/\/www.w3.org\/TR\/REC-html40\/loose.dtd\">\n<html><body><div id=\"m_-4800381496514970109AppleMailSignature\">Para llevar a cabo la iniciativa, se desarroll&oacute; en Mendoza una jornada de capacitaci&oacute;n en Desarrollo de Habilidades de Apoyo Psicosocial ante incidentes de tr&aacute;nsito. En el marco de un convenio firmado entre la Agencia Nacional de Seguridad Vial y la Cruz Roja Argentina, la Direcci&oacute;n de Participaci&oacute;n Comunitaria dependiente del Ministerio de Seguridad de la Provincia, y la Unidad Ejecutiva de Seguridad Vial de la Secretar&iacute;a de Servicios P&uacute;blicos, se realiz&oacute; una jornada capacitaci&oacute;n destinada a todos los actores que intervienen en un accidente de tr&aacute;nsito.<\/div>\n<div id=\"m_-4800381496514970109AppleMailSignature\"><\/div>\n<div id=\"m_-4800381496514970109AppleMailSignature\">La actividad se efectu&oacute; en base al <em>Desarrollo de Habilidades de Apoyo Psicosocial para la Respuesta en Contextos Asociados a Incidentes de Tr&aacute;nsito<\/em>, y a cargo por la Direcci&oacute;n de Promoci&oacute;n de la Salud, y Desarrollo Comunitario de la Cruz Roja Argentina. El objetivo de la misma es unificar criterios de actuaci&oacute;n en la tem&aacute;tica, y brindar herramientas &uacute;tiles para unificar criterios de actuaci&oacute;n adecuada a la tem&aacute;tica. La jornada tuvo por objetivo capacitar a representantes de la seguridad vial provincial, organismos nacionales con sede territorial en la provincia que tienen competencia en materia de asistencia de v&iacute;ctimas.<\/div>\n<div id=\"m_-4800381496514970109AppleMailSignature\"><\/div>\n<div id=\"m_-4800381496514970109AppleMailSignature\">Esta jornada forma parte de la etapa previa para la futura creaci&oacute;n de la Red Federal de Asistencia a V&iacute;ctimas y Familiares de V&iacute;ctimas de Siniestros Viales.<\/div>\n<div id=\"m_-4800381496514970109AppleMailSignature\"><\/div>\n<div id=\"m_-4800381496514970109AppleMailSignature\">La Direcci&oacute;n de Participaci&oacute;n Comunitaria promueve la participaci&oacute;n ciudadana en la formulaci&oacute;n e implementaci&oacute;n de pol&iacute;ticas p&uacute;blicas de seguridad ciudadana basadas en la prevenci&oacute;n social de la violencia y el delito. &ldquo;El Gobierno, a trav&eacute;s del programa de asistencia, interviene prestando servicio con los profesionales que forman parte del mismo en el momento de la crisis, es decir al momento del hecho. Posteriormente se realiza un seguimiento a los familiares de las v&iacute;ctimas, siempre que as&iacute; lo requieran&rdquo;, destac&oacute; Elisabeth Ormezzano responsable del &aacute;rea.<\/div>\n<p>&nbsp;<\/p>\n<\/body><\/html>\n","protected":false},"excerpt":{"rendered":"Se desarroll\u00f3 en Mendoza una jornada de capacitaci\u00f3n en Desarrollo de Habilidades de Apoyo Psicosocial ante incidentes de tr\u00e1nsito.","protected":false},"author":2,"featured_media":96168,"comment_status":"open","ping_status":"open","sticky":false,"template":"","format":"standard","meta":[],"categories":[34],"tags":[],"_links":{"self":[{"href":"https:\/\/www.mendoza.gov.ar\/prensa\/wp-json\/wp\/v2\/posts\/96167"}],"collection":[{"href":"https:\/\/www.mendoza.gov.ar\/prensa\/wp-json\/wp\/v2\/posts"}],"about":[{"href":"https:\/\/www.mendoza.gov.ar\/prensa\/wp-json\/wp\/v2\/types\/post"}],"author":[{"embeddable":true,"href":"https:\/\/www.mendoza.gov.ar\/prensa\/wp-json\/wp\/v2\/users\/2"}],"replies":[{"embeddable":true,"href":"https:\/\/www.mendoza.gov.ar\/prensa\/wp-json\/wp\/v2\/comments?post=96167"}],"version-history":[{"count":0,"href":"https:\/\/www.mendoza.gov.ar\/prensa\/wp-json\/wp\/v2\/posts\/96167\/revisions"}],"wp:featuredmedia":[{"embeddable":true,"href":"https:\/\/www.mendoza.gov.ar\/prensa\/wp-json\/wp\/v2\/media\/96168"}],"wp:attachment":[{"href":"https:\/\/www.mendoza.gov.ar\/prensa\/wp-json\/wp\/v2\/media?parent=96167"}],"wp:term":[{"taxonomy":"category","embeddable":true,"href":"https:\/\/www.mendoza.gov.ar\/prensa\/wp-json\/wp\/v2\/categories?post=96167"},{"taxonomy":"post_tag","embeddable":true,"href":"https:\/\/www.mendoza.gov.ar\/prensa\/wp-json\/wp\/v2\/tags?post=96167"}],"curies":[{"name":"wp","href":"https:\/\/api.w.org\/{rel}","templated":true}]}}