{"id":96290,"date":"2017-07-13T10:19:46","date_gmt":"2017-07-13T13:19:46","guid":{"rendered":"http:\/\/prensa.mendoza.gov.ar\/?p=96290"},"modified":"2019-03-11T10:01:06","modified_gmt":"2019-03-11T13:01:06","slug":"unicipio-coordino-un-taller-de-gases-efecto-invernadero-2","status":"publish","type":"post","link":"https:\/\/www.mendoza.gov.ar\/prensa\/unicipio-coordino-un-taller-de-gases-efecto-invernadero-2\/","title":{"rendered":"Unicipio coordin\u00f3 un Taller de Gases Efecto Invernadero"},"content":{"rendered":"<!DOCTYPE html PUBLIC \"-\/\/W3C\/\/DTD HTML 4.0 Transitional\/\/EN\" \"http:\/\/www.w3.org\/TR\/REC-html40\/loose.dtd\">\n<html><body><p>La Secretar&iacute;a de Ambiente y Ordenamiento Territorial &ndash;a trav&eacute;s de Unicipio- y la Direcci&oacute;n de Innovaci&oacute;n Social y Desarrollo Sostenible organizaron el Taller de Gases Efecto Invernadero, en el que todos los municipios integrantes del &Aacute;rea Metropolitana de Mendoza presentaron sus primeros resultados para lograr un inventario de gases, en el marco de los estudios base de la Iniciativa de Ciudades Emergentes y Sostenibles.<\/p>\n<p>Este encuentro es el primero de tres etapas que culminar&aacute; con informaci&oacute;n met&oacute;dicamente recopilada por los 7 departamentos de Unicipio con el objetivo de conformar una hoja de ruta para futuros Planes de Acci&oacute;n con medidas de mitigaci&oacute;n de emisiones de gases de efecto invernadero. Asistieron al taller adem&aacute;s de los t&eacute;cnicos de los municipios, representantes de la Direcci&oacute;n de Protecci&oacute;n Ambiental &ndash;SAyOT-, de la Secretar&iacute;a de Servicios P&uacute;blicos, de Ecogas y Emesa.<\/p>\n<p><strong>C&aacute;lculo de emisiones de los municipios<\/strong><br>\nHace unos d&iacute;as, especialistas de la Red Argentina de Municipios frente al Cambio Clim&aacute;tico arribaron a Mendozapara efectuar una capacitaci&oacute;n intensiva destinada a entrenar al personal de los municipios del &Aacute;rea Metropolitanapara aplicar una exhaustiva metodolog&iacute;a de c&aacute;lculo de los Gases de Efecto Invernadero (GEI), las cuales ser&aacute;n el insumo para el inventario nacional GEI.<\/p>\n<p>Dicha capacitaci&oacute;n dio inicio con un repaso del panorama ambiental global, el marco internacional, una explicaci&oacute;n detallada de qu&eacute; son los Gases de Efecto Invernadero (GEI), cu&aacute;l es su incidencia y la necesidad de contar con un inventario de dichos gases. Posteriormente se abord&oacute; la metodolog&iacute;a de c&aacute;lculo de impacto de tales emisiones &ndash;basada en el Panel Intergubernamental de Expertos del Cambio Clim&aacute;tico de la Organizaci&oacute;n de Naciones Unidas- creada a trav&eacute;s del Protocolo Global para Inventarios de Emisiones de Gases de Efecto Invernadero en Comunidades. Los 7 municipios de Unicipio relevan informaci&oacute;n de emisiones de sus respectivos departamentos &ndash;como gas, energ&iacute;a el&eacute;ctrica, residuos s&oacute;lidos, incineraci&oacute;n, efluentes l&iacute;quidos, transporte, ganader&iacute;a y agricultura-, datos que luego son cargados en planillas t&eacute;cnicas normalizadas.<\/p>\n<p>Esta capacitaci&oacute;n integra un programa ideado para que todos los municipios de Mendoza elaboren su Plan de Acci&oacute;n Clim&aacute;tico Local. Esto significa que puedan identificar las emisiones de gases de efecto invernadero, los principales emisores y tambi&eacute;n puedan preparar su mitigaci&oacute;n &ndash;por lo tanto menos emisiones- pero tambi&eacute;n establecer medidas de adaptaci&oacute;n al cambio clim&aacute;tico.<\/p>\n<\/body><\/html>\n","protected":false},"excerpt":{"rendered":"Participaron los integrantes del \u00e1rea Metropolitana y colabor\u00f3 la Direcci\u00f3n de Innovaci\u00f3n Social y Desarrollo Sostenible.","protected":false},"author":2,"featured_media":96295,"comment_status":"open","ping_status":"open","sticky":false,"template":"","format":"standard","meta":[],"categories":[3,1792],"tags":[],"_links":{"self":[{"href":"https:\/\/www.mendoza.gov.ar\/prensa\/wp-json\/wp\/v2\/posts\/96290"}],"collection":[{"href":"https:\/\/www.mendoza.gov.ar\/prensa\/wp-json\/wp\/v2\/posts"}],"about":[{"href":"https:\/\/www.mendoza.gov.ar\/prensa\/wp-json\/wp\/v2\/types\/post"}],"author":[{"embeddable":true,"href":"https:\/\/www.mendoza.gov.ar\/prensa\/wp-json\/wp\/v2\/users\/2"}],"replies":[{"embeddable":true,"href":"https:\/\/www.mendoza.gov.ar\/prensa\/wp-json\/wp\/v2\/comments?post=96290"}],"version-history":[{"count":1,"href":"https:\/\/www.mendoza.gov.ar\/prensa\/wp-json\/wp\/v2\/posts\/96290\/revisions"}],"predecessor-version":[{"id":175735,"href":"https:\/\/www.mendoza.gov.ar\/prensa\/wp-json\/wp\/v2\/posts\/96290\/revisions\/175735"}],"wp:featuredmedia":[{"embeddable":true,"href":"https:\/\/www.mendoza.gov.ar\/prensa\/wp-json\/wp\/v2\/media\/96295"}],"wp:attachment":[{"href":"https:\/\/www.mendoza.gov.ar\/prensa\/wp-json\/wp\/v2\/media?parent=96290"}],"wp:term":[{"taxonomy":"category","embeddable":true,"href":"https:\/\/www.mendoza.gov.ar\/prensa\/wp-json\/wp\/v2\/categories?post=96290"},{"taxonomy":"post_tag","embeddable":true,"href":"https:\/\/www.mendoza.gov.ar\/prensa\/wp-json\/wp\/v2\/tags?post=96290"}],"curies":[{"name":"wp","href":"https:\/\/api.w.org\/{rel}","templated":true}]}}