{"id":96456,"date":"2017-07-14T21:38:22","date_gmt":"2017-07-15T00:38:22","guid":{"rendered":"http:\/\/prensa.mendoza.gov.ar\/?p=96456"},"modified":"2017-07-14T21:38:22","modified_gmt":"2017-07-15T00:38:22","slug":"osep-presento-un-programa-que-beneficiara-a-mas-de-180-000-mendocinas","status":"publish","type":"post","link":"https:\/\/www.mendoza.gov.ar\/prensa\/osep-presento-un-programa-que-beneficiara-a-mas-de-180-000-mendocinas\/","title":{"rendered":"Osep present\u00f3 un programa que beneficiar\u00e1 a m\u00e1s de 180.000 mendocinas"},"content":{"rendered":"<!DOCTYPE html PUBLIC \"-\/\/W3C\/\/DTD HTML 4.0 Transitional\/\/EN\" \"http:\/\/www.w3.org\/TR\/REC-html40\/loose.dtd\">\n<html><body><p>En horas de la ma&ntilde;ana lanzaron oficialmente el programa &ldquo;Ser Mujer&rdquo;, destinado al cuidado de la salud de las afiliadas que podr&aacute;n acceder a consultas ginecol&oacute;gicas, papanicolaou, colposcopia, mamograf&iacute;a y control de factores de riesgo, sin pago de coseguro.<\/p>\n<p><strong>Programa &ldquo;Ser Mujer&rdquo;<\/strong><\/p>\n<p>Gran cantidad de muertes femeninas son evitables lo que exige al sistema sanitario actuar y trabajar fuertemente desde una perspectiva que abarque a la mujer como un todo. De esta forma diversas patolog&iacute;as, como la enfermedad cardiovascular -primera causa de muerte entre las f&eacute;minas-, podr&iacute;an prevenirse o recibir el tratamiento adecuado.<\/p>\n<p>Desde esta nueva mirada, Osep pone en marcha un programa espec&iacute;fico para sus afiliadas a partir de los 10 a&ntilde;os, ofreci&eacute;ndoles consulta y tratamiento integral de patolog&iacute;as para mejorar su calidad de vida, con estudios y pr&aacute;cticas sin coseguro.<\/p>\n<p>En el caso de detectarse alguna patolog&iacute;a, la mujer ser&aacute; derivada al m&eacute;dico o especialista correspondiente al factor de riesgo individualizado.<\/p>\n<p>Esta visi&oacute;n cambia el modo habitual de consulta m&eacute;dico-paciente. El profesional realizar&aacute; en la consulta ginecol&oacute;gica, detecci&oacute;n de factores de riesgo y actividades de consejer&iacute;a, con intervenciones que incluyen consignas b&aacute;sicas para modificar el estilo de vida y en la que la paciente asume la responsabilidad del cuidado de su propia salud.<\/p>\n<p>Para facilitar el acceso a las consultas, Osep mejor&oacute; la disponibilidad de profesionales en efectores propios y puso a disposici&oacute;n los m&eacute;dicos particulares y cl&iacute;nicas que realizar&aacute;n consultas ginecol&oacute;gicas, colposcopias y PAP sin cobro de coseguro.<\/p>\n<p>Este nuevo programa, adem&aacute;s de brindar contenci&oacute;n en las diferentes etapas biol&oacute;gicas que atraviesa la mujer abordando su cuidado, problem&aacute;ticas y distintos riesgos, permitir&aacute; una correcta registraci&oacute;n de las afiliadas con la finalidad de un seguimiento oportuno, detectar factores de riesgo e informar sobre distintos &iacute;ndices que permitir&aacute;n crear o acercar los servicios para el cuidado de su salud.<\/p>\n<p>&nbsp;<\/p>\n<\/body><\/html>\n","protected":false},"excerpt":{"rendered":"En una conferencia de prensa realizada en la Sede Central, el director General de la Obra Social, Sergio Vergara, anunci\u00f3 \u201cSer Mujer\u201d. Se trata de un programa de salud integral que funcionar\u00e1 a partir de agosto en toda la provincia.\u00a0\n","protected":false},"author":2,"featured_media":96457,"comment_status":"open","ping_status":"open","sticky":false,"template":"","format":"standard","meta":[],"categories":[30],"tags":[],"_links":{"self":[{"href":"https:\/\/www.mendoza.gov.ar\/prensa\/wp-json\/wp\/v2\/posts\/96456"}],"collection":[{"href":"https:\/\/www.mendoza.gov.ar\/prensa\/wp-json\/wp\/v2\/posts"}],"about":[{"href":"https:\/\/www.mendoza.gov.ar\/prensa\/wp-json\/wp\/v2\/types\/post"}],"author":[{"embeddable":true,"href":"https:\/\/www.mendoza.gov.ar\/prensa\/wp-json\/wp\/v2\/users\/2"}],"replies":[{"embeddable":true,"href":"https:\/\/www.mendoza.gov.ar\/prensa\/wp-json\/wp\/v2\/comments?post=96456"}],"version-history":[{"count":0,"href":"https:\/\/www.mendoza.gov.ar\/prensa\/wp-json\/wp\/v2\/posts\/96456\/revisions"}],"wp:featuredmedia":[{"embeddable":true,"href":"https:\/\/www.mendoza.gov.ar\/prensa\/wp-json\/wp\/v2\/media\/96457"}],"wp:attachment":[{"href":"https:\/\/www.mendoza.gov.ar\/prensa\/wp-json\/wp\/v2\/media?parent=96456"}],"wp:term":[{"taxonomy":"category","embeddable":true,"href":"https:\/\/www.mendoza.gov.ar\/prensa\/wp-json\/wp\/v2\/categories?post=96456"},{"taxonomy":"post_tag","embeddable":true,"href":"https:\/\/www.mendoza.gov.ar\/prensa\/wp-json\/wp\/v2\/tags?post=96456"}],"curies":[{"name":"wp","href":"https:\/\/api.w.org\/{rel}","templated":true}]}}