{"id":96788,"date":"2017-07-19T12:03:06","date_gmt":"2017-07-19T15:03:06","guid":{"rendered":"http:\/\/prensa.mendoza.gov.ar\/?p=96788"},"modified":"2017-07-19T12:03:06","modified_gmt":"2017-07-19T15:03:06","slug":"mendoza-les-da-la-bienvenida-a-periodistas-nacionales-y-extranjeros","status":"publish","type":"post","link":"https:\/\/www.mendoza.gov.ar\/prensa\/mendoza-les-da-la-bienvenida-a-periodistas-nacionales-y-extranjeros\/","title":{"rendered":"Mendoza le da la bienvenida a periodistas nacionales y extranjeros"},"content":{"rendered":"<!DOCTYPE html PUBLIC \"-\/\/W3C\/\/DTD HTML 4.0 Transitional\/\/EN\" \"http:\/\/www.w3.org\/TR\/REC-html40\/loose.dtd\">\n<html><body><p>En la playa oeste del Mendoza Plaza Shopping, una enorme carpa prolijamente montada y calefaccionada espera, aun con poco movimiento, la llegada de unos 400 trabajadores de prensa que cubren la Cumbre de Jefes de Estado del Mercosur y Estados Asociados que se lleva a cabo esta semana en nuestra provincia.<\/p>\n<p><a href=\"https:\/\/www.mendoza.gov.ar\/prensa\/wp-content\/uploads\/sites\/23\/aMEC_4766.jpg\"><img loading=\"lazy\" class=\"alignnone wp-image-96792 img-responsive center-block\" src=\"https:\/\/www.mendoza.gov.ar\/prensa\/wp-content\/uploads\/sites\/23\/aMEC_4766.jpg\" alt=\"\" width=\"640\" height=\"360\"><\/a><\/p>\n<p>Un cartel corp&oacute;reo que reza &ldquo;Hola Mercosur&rdquo; da la bienvenida en el acceso de entrada a la carpa. En el ingreso, todos deben exhibir su credencial y pasar por un detector de metales. Fot&oacute;grafos, camar&oacute;grafos, cronistas, productores y t&eacute;cnicos cuentan con un espacio agradablemente ambientado y con todas las prestaciones necesarias para su labor.<\/p>\n<p>&nbsp;<\/p>\n<p>Un &aacute;rea con livings para los momentos de pausa. En una esquina, un sector con frutas, bebidas como caf&eacute;, t&eacute; y jugos para reponer energ&iacute;a. M&aacute;s adelante, cientos de escritorios con computadoras para la tarea de los redactores. Punto de impresi&oacute;n, sanitarios y salas de: Fotograf&iacute;a, Radios, Agencias Nacionales de Noticias, Agencias Internacionales, T&eacute;lam, Prensa de Gobernaci&oacute;n y la Sala de Conferencia de Prensa est&aacute;n debidamente se&ntilde;alizadas.<\/p>\n<p><a href=\"https:\/\/www.mendoza.gov.ar\/prensa\/wp-content\/uploads\/sites\/23\/aMEC_4774.jpg\"><img loading=\"lazy\" class=\"alignnone wp-image-96794 img-responsive center-block\" src=\"https:\/\/www.mendoza.gov.ar\/prensa\/wp-content\/uploads\/sites\/23\/aMEC_4774.jpg\" alt=\"\" width=\"640\" height=\"360\"><\/a><\/p>\n<p>Las pantallas, por ahora, muestran un video con informaci&oacute;n general sobre Mendoza, mientras, todos esperan las palabras de bienvenida del Gobernador Alfredo Cornejo.<\/p>\n<p>Ning&uacute;n detalle qued&oacute; librado al azar; hay m&uacute;sica ambiental, arreglos florales y hasta equipos de mate para hacer sentir como en casa a los periodistas locales y nacionales, y para recibir con algo bien nuestro a los comunicadores extranjeros.<\/p>\n<p><a href=\"https:\/\/www.mendoza.gov.ar\/prensa\/wp-content\/uploads\/sites\/23\/aMEC_4752.jpg\"><img loading=\"lazy\" class=\"alignnone wp-image-96795 img-responsive center-block\" src=\"https:\/\/www.mendoza.gov.ar\/prensa\/wp-content\/uploads\/sites\/23\/aMEC_4752.jpg\" alt=\"\" width=\"640\" height=\"360\"><\/a><\/p>\n<p>Computadoras, pantallas y dem&aacute;s dispositivos electr&oacute;nicos, son parte de la inversi&oacute;n que hizo el Gobierno Provincial para esta Cumbre del Mercosur. Insumos que quedar&aacute;n para ser utilizados en los sucesivos eventos de car&aacute;cter internacional que tendr&aacute;n como sede a Mendoza, como por ejemplo la Asamblea Anual del BID, que tendr&aacute; lugar en marzo de 2018.<\/p>\n<p><a href=\"https:\/\/www.mendoza.gov.ar\/prensa\/wp-content\/uploads\/sites\/23\/aMEC_4755.jpg\"><img loading=\"lazy\" class=\"alignnone wp-image-96797 img-responsive center-block\" src=\"https:\/\/www.mendoza.gov.ar\/prensa\/wp-content\/uploads\/sites\/23\/aMEC_4755.jpg\" alt=\"\" width=\"640\" height=\"360\"><\/a><\/p>\n<p>&nbsp;<\/p>\n<\/body><\/html>\n","protected":false},"excerpt":{"rendered":"En plena Cumbre de Jefes de Estado del Mercosur y Estados Asociados, profesionales de la comunicaci\u00f3n de Mendoza, del pa\u00eds y tambi\u00e9n del extranjero esperan la llegada de  presidentes y cancilleres en una carpa de prensa con todas las comodidades y la tecnolog\u00eda.","protected":false},"author":2,"featured_media":96790,"comment_status":"open","ping_status":"open","sticky":false,"template":"","format":"standard","meta":[],"categories":[9],"tags":[],"_links":{"self":[{"href":"https:\/\/www.mendoza.gov.ar\/prensa\/wp-json\/wp\/v2\/posts\/96788"}],"collection":[{"href":"https:\/\/www.mendoza.gov.ar\/prensa\/wp-json\/wp\/v2\/posts"}],"about":[{"href":"https:\/\/www.mendoza.gov.ar\/prensa\/wp-json\/wp\/v2\/types\/post"}],"author":[{"embeddable":true,"href":"https:\/\/www.mendoza.gov.ar\/prensa\/wp-json\/wp\/v2\/users\/2"}],"replies":[{"embeddable":true,"href":"https:\/\/www.mendoza.gov.ar\/prensa\/wp-json\/wp\/v2\/comments?post=96788"}],"version-history":[{"count":0,"href":"https:\/\/www.mendoza.gov.ar\/prensa\/wp-json\/wp\/v2\/posts\/96788\/revisions"}],"wp:featuredmedia":[{"embeddable":true,"href":"https:\/\/www.mendoza.gov.ar\/prensa\/wp-json\/wp\/v2\/media\/96790"}],"wp:attachment":[{"href":"https:\/\/www.mendoza.gov.ar\/prensa\/wp-json\/wp\/v2\/media?parent=96788"}],"wp:term":[{"taxonomy":"category","embeddable":true,"href":"https:\/\/www.mendoza.gov.ar\/prensa\/wp-json\/wp\/v2\/categories?post=96788"},{"taxonomy":"post_tag","embeddable":true,"href":"https:\/\/www.mendoza.gov.ar\/prensa\/wp-json\/wp\/v2\/tags?post=96788"}],"curies":[{"name":"wp","href":"https:\/\/api.w.org\/{rel}","templated":true}]}}