{"id":9679,"date":"2012-02-07T00:00:00","date_gmt":"2012-02-07T00:00:00","guid":{"rendered":"http:\/\/prensa.wp2.mendoza.gov.ar\/?p=9679"},"modified":"2012-02-07T00:00:00","modified_gmt":"2012-02-07T00:00:00","slug":"aconcagua-rescataron-con-exito-a-un-guia-en-helicoptero","status":"publish","type":"post","link":"https:\/\/www.mendoza.gov.ar\/prensa\/aconcagua-rescataron-con-exito-a-un-guia-en-helicoptero\/","title":{"rendered":"Aconcagua: Rescataron con \u00e9xito a un gu\u00eda en helic\u00f3ptero"},"content":{"rendered":"<!DOCTYPE html PUBLIC \"-\/\/W3C\/\/DTD HTML 4.0 Transitional\/\/EN\" \"http:\/\/www.w3.org\/TR\/REC-html40\/loose.dtd\">\n<html><body><p>El rescate fue en la zona del &ldquo;Coll&rdquo; del Cerro Ameghino, a unos 5.300 msnm sobre la ruta del Glaciar de los Polacos. Una vez rescatado, el gu&iacute;a  fue derivado al Hospital Uspallata. Baglieti habr&iacute;a sufrido un problema card&iacute;aco en las alturas.<\/p>\n<p>Es la primera vez  que se realiza un rescate a esta altura sobre la Ruta del Glaciar de los Polacos.  El rescate fue particularmente dif&iacute;cil debido a lo avanzado del d&iacute;a, ya que para volar y aterrizar a esta altura se utilizan las horas de la ma&ntilde;ana, porque el viento es menos turbulento y las bajas temperaturas ayudan a la sustentaci&oacute;n.  Asimismo, los conocimientos respecto a operaciones a&eacute;reas del resto de los integrantes del grupo de andinistas facilitaron esta maniobra.<\/p>\n<p>El secretario de ambiente y desarrollo sustentable, Marcos Zandomeni, destac&oacute; el profesionalismo y la r&aacute;pida coordinaci&oacute;n de la operaci&oacute;n del rescate realizada por el personal Guardaparque, el m&eacute;dico y  el piloto afectados a los servicios de emergencia y rescate del Parque Provincial Aconcagua.<\/p>\n<p><strong>El rescate<\/strong><\/p>\n<p>En un primer momento se recibi&oacute; una llamada radial en la frecuencia de emergencia, emitida por el Gu&iacute;a Aiken Parvex, chileno quien manifestaba que su compa&ntilde;ero Jorge Baglieti, santafesino (arg.), gu&iacute;a de la empresa Aconcagua Express se encontraba en mal estado en la zona del &ldquo;Coll&rdquo;  del Cerro Ameghino a unos 5.300 metros de altura sobre la ruta del Glaciar de los Polacos.<\/p>\n<p>Inmediatamente, intervino el m&eacute;dico del Servicio de la DRNR, Sebasti&aacute;n Donatto, el cual requiri&oacute; v&iacute;a radial los s&iacute;ntomas y determin&oacute; que podr&iacute;a tratarse de un pre- infarto, por lo que orden&oacute; que se mantuvieran en el lugar y  comenz&oacute; a coordinar la evacuaci&oacute;n.<\/p>\n<p>Luego, se dio parte a la Jefatura del Parque Aconcagua en Horcones, a cargo del Guardaparque Diego Marti y  al piloto del helic&oacute;ptero a efectos de evaluar las condiciones para realizar el rescate.<\/p>\n<p>A las 14 una vez confirmada la situaci&oacute;n m&eacute;dica del evacuado, su posici&oacute;n en el cerro y  las condiciones meteorol&oacute;gicas despeg&oacute; el helic&oacute;ptero a cargo del piloto Horacio &ldquo;Duro&ldquo;Freschi  y comenz&oacute; la operaci&oacute;n de evacuaci&oacute;n realizando un vuelo sobre Plaza Argentina y remontando la ruta de Falso polacos hasta superar Campo III,  hasta la cota de 5.300 metros en el lugar conocido como &ldquo;Coll del C&deg; Ameghino&rdquo;.<\/p>\n<p>Finalmente, se logr&oacute; con &eacute;xito ubicar al grupo compuesto por cuatro andinistas  y determinar una zona de aterrizaje. Con la ayuda del resto de los andinistas embarc&oacute; al evacuado, el cual fue trasladado a Horcones y desde all&iacute; derivado al Hospital Uspallata,  gracias a la colaboraci&oacute;n de la Compa&ntilde;&iacute;a de Cazadores de Monta&ntilde;a 8, quien facilit&oacute;  una ambulancia para el traslado.<\/p>\n<p>Los integrantes del Grupo de ascenso son Holmes Pantoja, (peruano), Mariana Gallego, Gu&iacute;a argentina, Aiken Parvex, (chileno) y el evacuado: Jorge Baglieti, gu&iacute;a argentino.<\/p>\n<p>.<\/p>\n<p><\/p>\n<\/body><\/html>\n","protected":false},"excerpt":{"rendered":"El rescate fue en la zona del &ldquo;Coll&rdquo; del Cerro Ameghino, a unos 5.300 msnm sobre la ruta del Glaciar de los Polacos. Una vez rescatado, el gu&iacute;a fue derivado al Hospital Uspallata. Baglieti habr&iacute;a sufrido un problema card&iacute;aco en las alturas. Es la primera vez que se realiza un rescate a esta altura sobre&#8230; <a class=\"view-article\" href=\"https:\/\/www.mendoza.gov.ar\/prensa\/aconcagua-rescataron-con-exito-a-un-guia-en-helicoptero\/\"><\/a>","protected":false},"author":3,"featured_media":0,"comment_status":"closed","ping_status":"open","sticky":false,"template":"","format":"standard","meta":[],"categories":[3],"tags":[],"_links":{"self":[{"href":"https:\/\/www.mendoza.gov.ar\/prensa\/wp-json\/wp\/v2\/posts\/9679"}],"collection":[{"href":"https:\/\/www.mendoza.gov.ar\/prensa\/wp-json\/wp\/v2\/posts"}],"about":[{"href":"https:\/\/www.mendoza.gov.ar\/prensa\/wp-json\/wp\/v2\/types\/post"}],"author":[{"embeddable":true,"href":"https:\/\/www.mendoza.gov.ar\/prensa\/wp-json\/wp\/v2\/users\/3"}],"replies":[{"embeddable":true,"href":"https:\/\/www.mendoza.gov.ar\/prensa\/wp-json\/wp\/v2\/comments?post=9679"}],"version-history":[{"count":0,"href":"https:\/\/www.mendoza.gov.ar\/prensa\/wp-json\/wp\/v2\/posts\/9679\/revisions"}],"wp:attachment":[{"href":"https:\/\/www.mendoza.gov.ar\/prensa\/wp-json\/wp\/v2\/media?parent=9679"}],"wp:term":[{"taxonomy":"category","embeddable":true,"href":"https:\/\/www.mendoza.gov.ar\/prensa\/wp-json\/wp\/v2\/categories?post=9679"},{"taxonomy":"post_tag","embeddable":true,"href":"https:\/\/www.mendoza.gov.ar\/prensa\/wp-json\/wp\/v2\/tags?post=9679"}],"curies":[{"name":"wp","href":"https:\/\/api.w.org\/{rel}","templated":true}]}}