{"id":96896,"date":"2017-07-19T20:13:55","date_gmt":"2017-07-19T23:13:55","guid":{"rendered":"http:\/\/prensa.mendoza.gov.ar\/?p=96896"},"modified":"2017-07-19T20:13:55","modified_gmt":"2017-07-19T23:13:55","slug":"osep-transferira-mas-recursos-al-sistema-publico-de-salud","status":"publish","type":"post","link":"https:\/\/www.mendoza.gov.ar\/prensa\/osep-transferira-mas-recursos-al-sistema-publico-de-salud\/","title":{"rendered":"Osep transferir\u00e1 m\u00e1s recursos al sistema p\u00fablico de salud"},"content":{"rendered":"<!DOCTYPE html PUBLIC \"-\/\/W3C\/\/DTD HTML 4.0 Transitional\/\/EN\" \"http:\/\/www.w3.org\/TR\/REC-html40\/loose.dtd\">\n<html><body><p>Osep pagar&aacute; unos 70 millones de pesos m&aacute;s para que sus afiliados utilicen el sistema p&uacute;blico que integra hospitales y centros de salud entre otros efectores. Este es el resultado del acuerdo firmado esta ma&ntilde;ana entre los m&aacute;ximos responsables del Ministerio de Salud y la Obra Social.<\/p>\n<p>Hist&oacute;ricamente el afiliado ha asistido a efectores p&uacute;blicos para internaciones, asistencia de quemados, psiquiatr&iacute;a y otras prestaciones sanitarias. De hecho el 30% de los servicios se realizan a empleados p&uacute;blicos.<\/p>\n<p>Del encuentro participaron la ministra de Salud, Desarrollo Social y Deportes, Claudia Najul y el director General de la Obra Social, Sergio Vergara. Ambos fueron los encargados de rubricar un acuerdo que se llev&oacute; a cabo en forma digital, haciendo de la jornada un verdadero paso hacia la modernizaci&oacute;n del Estado.<\/p>\n<p>Tambi&eacute;n estuvieron Oscar Sag&aacute;s, subsecretario de Salud de la provincia; Teresa Z&aacute;rate de Lara, directora de Atenci&oacute;n a la Salud y Walter Mesas, coordinador del programa Nacer, de la Obra Social.<\/p>\n<p><strong><br>\n<\/strong><\/p>\n<p>&nbsp;<\/p>\n<\/body><\/html>\n","protected":false},"excerpt":{"rendered":"Actualizaron los valores de las prestaciones en salud que la Provincia le brinda a los afiliados de Osep. Habr\u00e1 revisiones peri\u00f3dicas para que ajustar valores. La firma del convenio se hizo en forma digital.","protected":false},"author":2,"featured_media":96898,"comment_status":"open","ping_status":"open","sticky":false,"template":"","format":"standard","meta":[],"categories":[30],"tags":[],"_links":{"self":[{"href":"https:\/\/www.mendoza.gov.ar\/prensa\/wp-json\/wp\/v2\/posts\/96896"}],"collection":[{"href":"https:\/\/www.mendoza.gov.ar\/prensa\/wp-json\/wp\/v2\/posts"}],"about":[{"href":"https:\/\/www.mendoza.gov.ar\/prensa\/wp-json\/wp\/v2\/types\/post"}],"author":[{"embeddable":true,"href":"https:\/\/www.mendoza.gov.ar\/prensa\/wp-json\/wp\/v2\/users\/2"}],"replies":[{"embeddable":true,"href":"https:\/\/www.mendoza.gov.ar\/prensa\/wp-json\/wp\/v2\/comments?post=96896"}],"version-history":[{"count":0,"href":"https:\/\/www.mendoza.gov.ar\/prensa\/wp-json\/wp\/v2\/posts\/96896\/revisions"}],"wp:featuredmedia":[{"embeddable":true,"href":"https:\/\/www.mendoza.gov.ar\/prensa\/wp-json\/wp\/v2\/media\/96898"}],"wp:attachment":[{"href":"https:\/\/www.mendoza.gov.ar\/prensa\/wp-json\/wp\/v2\/media?parent=96896"}],"wp:term":[{"taxonomy":"category","embeddable":true,"href":"https:\/\/www.mendoza.gov.ar\/prensa\/wp-json\/wp\/v2\/categories?post=96896"},{"taxonomy":"post_tag","embeddable":true,"href":"https:\/\/www.mendoza.gov.ar\/prensa\/wp-json\/wp\/v2\/tags?post=96896"}],"curies":[{"name":"wp","href":"https:\/\/api.w.org\/{rel}","templated":true}]}}