{"id":96985,"date":"2017-07-20T14:02:29","date_gmt":"2017-07-20T17:02:29","guid":{"rendered":"http:\/\/prensa.mendoza.gov.ar\/?p=96985"},"modified":"2017-07-20T14:02:29","modified_gmt":"2017-07-20T17:02:29","slug":"hoy-vemos-al-mercosur-como-bloque-que-quiere-abrirse-al-mundo","status":"publish","type":"post","link":"https:\/\/www.mendoza.gov.ar\/prensa\/hoy-vemos-al-mercosur-como-bloque-que-quiere-abrirse-al-mundo\/","title":{"rendered":"Dujovne: &#8220;Hoy vemos al Mercosur como bloque que quiere abrirse al mundo&#8221;"},"content":{"rendered":"<!DOCTYPE html PUBLIC \"-\/\/W3C\/\/DTD HTML 4.0 Transitional\/\/EN\" \"http:\/\/www.w3.org\/TR\/REC-html40\/loose.dtd\">\n<html><body><p>Hoy se llev&oacute; adelante en el hotel Intercontinental la segunda jornada de la Cumbre del Mercosur. Durante la ma&ntilde;ana los principales referentes de econom&iacute;a de los pa&iacute;ses participantes se dieron cita en el Sal&oacute;n Sol &ldquo;E&rdquo; del hotel para dialogar sobre pol&iacute;tica monetaria.<\/p>\n<p>All&iacute; estuvieron presentes los ministros de Hacienda y Finanzas, Lisandro Nieri y de Econom&iacute;a, Infraestructura y Energ&iacute;a, Mart&iacute;n Kerchner. El encuentro estuvo presidido por el Gobernador Alfredo Cornejo y por el ministro de Hacienda de la Naci&oacute;n, Nicol&aacute;s Dujovne.<\/p>\n<p>En conferencia de prensa el ministro nacional subray&oacute;: &ldquo;Hoy vemos al Mercosur como bloque que quiere abrirse al mundo.&nbsp; Esta reuni&oacute;n encuentra a las econom&iacute;as participantes del bloque en un proceso de franca recuperaci&oacute;n econ&oacute;mica. En Argentina se sigue consolidando el proceso de crecimiento&rdquo;.<\/p>\n<p><a href=\"https:\/\/www.mendoza.gov.ar\/prensa\/wp-content\/uploads\/sites\/23\/aDSC_4829.jpg\"><img loading=\"lazy\" class=\"alignnone wp-image-96996 img-responsive center-block\" src=\"https:\/\/www.mendoza.gov.ar\/prensa\/wp-content\/uploads\/sites\/23\/aDSC_4829.jpg\" alt=\"\" width=\"650\" height=\"386\"><\/a><\/p>\n<p>En este sentido &nbsp;Dujovne&nbsp; explic&oacute; que &ldquo;en los &uacute;ltimos tres meses cumplimos nuestro cuarto trimestre de inflaci&oacute;n en baja. Pensamos que para que un pa&iacute;s sea competitivo, tiene que ser estable, solvente, con instituciones s&oacute;lidas y encarar un proceso de inversi&oacute;n. Eso no funciona si no nos integramos al mundo&rdquo;. &nbsp;Agreg&oacute; que &nbsp;&ldquo;hoy vemos que el Mercosur comienza a dinamizarse y a convertirse en un bloque econ&oacute;mico que quiere abrirse al mundo&rdquo;.<\/p>\n<p><iframe width=\"900\" height=\"400\" scrolling=\"no\" frameborder=\"no\" src=\"https:\/\/w.soundcloud.com\/player\/?visual=true&amp;url=https%3A%2F%2Fapi.soundcloud.com%2Ftracks%2F334075651&amp;show_artwork=true&amp;maxwidth=900&amp;maxheight=1000\"><\/iframe><\/p>\n<\/body><\/html>\n","protected":false},"excerpt":{"rendered":"As\u00ed lo expres\u00f3 el ministro de Hacienda de la Naci\u00f3n en conferencia de prensa luego de haber participado de la segunda jornada de la Cumbre del Mercosur, donde el Gobernador Alfredo Cornejo fue anfitri\u00f3n. (Audio)","protected":false},"author":2,"featured_media":96995,"comment_status":"open","ping_status":"open","sticky":false,"template":"","format":"standard","meta":[],"categories":[9,19],"tags":[],"_links":{"self":[{"href":"https:\/\/www.mendoza.gov.ar\/prensa\/wp-json\/wp\/v2\/posts\/96985"}],"collection":[{"href":"https:\/\/www.mendoza.gov.ar\/prensa\/wp-json\/wp\/v2\/posts"}],"about":[{"href":"https:\/\/www.mendoza.gov.ar\/prensa\/wp-json\/wp\/v2\/types\/post"}],"author":[{"embeddable":true,"href":"https:\/\/www.mendoza.gov.ar\/prensa\/wp-json\/wp\/v2\/users\/2"}],"replies":[{"embeddable":true,"href":"https:\/\/www.mendoza.gov.ar\/prensa\/wp-json\/wp\/v2\/comments?post=96985"}],"version-history":[{"count":0,"href":"https:\/\/www.mendoza.gov.ar\/prensa\/wp-json\/wp\/v2\/posts\/96985\/revisions"}],"wp:featuredmedia":[{"embeddable":true,"href":"https:\/\/www.mendoza.gov.ar\/prensa\/wp-json\/wp\/v2\/media\/96995"}],"wp:attachment":[{"href":"https:\/\/www.mendoza.gov.ar\/prensa\/wp-json\/wp\/v2\/media?parent=96985"}],"wp:term":[{"taxonomy":"category","embeddable":true,"href":"https:\/\/www.mendoza.gov.ar\/prensa\/wp-json\/wp\/v2\/categories?post=96985"},{"taxonomy":"post_tag","embeddable":true,"href":"https:\/\/www.mendoza.gov.ar\/prensa\/wp-json\/wp\/v2\/tags?post=96985"}],"curies":[{"name":"wp","href":"https:\/\/api.w.org\/{rel}","templated":true}]}}