{"id":9709,"date":"2012-03-23T00:00:00","date_gmt":"2012-03-23T00:00:00","guid":{"rendered":"http:\/\/prensa.wp2.mendoza.gov.ar\/?p=9709"},"modified":"2012-03-23T00:00:00","modified_gmt":"2012-03-23T00:00:00","slug":"la-secretaria-de-ambiente-y-desarrollo-sustentable-festejo-el-dia-mundial-del-agua","status":"publish","type":"post","link":"https:\/\/www.mendoza.gov.ar\/prensa\/la-secretaria-de-ambiente-y-desarrollo-sustentable-festejo-el-dia-mundial-del-agua\/","title":{"rendered":"La Secretar\u00eda de Ambiente y Desarrollo Sustentable festej\u00f3 el D\u00eda Mundial del Agua"},"content":{"rendered":"<!DOCTYPE html PUBLIC \"-\/\/W3C\/\/DTD HTML 4.0 Transitional\/\/EN\" \"http:\/\/www.w3.org\/TR\/REC-html40\/loose.dtd\">\n<html><body><p>Festejar en Casa el d&iacute;a del agua fue la invitaci&oacute;n que se hizo desde la Secretaria de Ambiente a todas las personas que hoy se dieron cita en Peltier 351, para hacer un tramite o trabajar. Junto al Ing. Marcos Zandomeni, Secretario de Ambiente se reparti&oacute; folleter&iacute;a, stikers e imanes con la propuesta de &ldquo;Somos Agua, Toma conciencia&rdquo;.<\/p>\n<p>Mientras el grupo &ldquo;Haravicus Itinerante&rdquo; realizaban representaciones en torno al uso adecuado del agua, haciendo que el publico participara con datos.<\/p>\n<p>Esta es la &uacute;ltima acci&oacute;n que se realiza en la semana de agua que comenz&oacute; el s&aacute;bado en el Parque San Mart&iacute;n y paso por plazas de la ciudad de Mendoza y la Terminal de &oacute;mnibus durante toda la semana.<\/p>\n<p>La ONU propone celebrar el 22 de marzo, D&iacute;a Mundial del Agua, bajo la premisa &ldquo;El mundo tiene sed porque tenemos hambre&rdquo; en alusi&oacute;n al recurso &ldquo;agua&rdquo; como componente fundamental de cualquier proceso de producci&oacute;n. De&nbsp;hecho, el 70% del agua es destinado a la producci&oacute;n a escala mundial.<\/p>\n<\/body><\/html>\n","protected":false},"excerpt":{"rendered":"Festejar en Casa el d&iacute;a del agua fue la invitaci&oacute;n que se hizo desde la Secretaria de Ambiente a todas las personas que hoy se dieron cita en Peltier 351, para hacer un tramite o trabajar. Junto al Ing. Marcos Zandomeni, Secretario de Ambiente se reparti&oacute; folleter&iacute;a, stikers e imanes con la propuesta de &ldquo;Somos&#8230; <a class=\"view-article\" href=\"https:\/\/www.mendoza.gov.ar\/prensa\/la-secretaria-de-ambiente-y-desarrollo-sustentable-festejo-el-dia-mundial-del-agua\/\"><\/a>","protected":false},"author":3,"featured_media":0,"comment_status":"closed","ping_status":"open","sticky":false,"template":"","format":"standard","meta":[],"categories":[3],"tags":[],"_links":{"self":[{"href":"https:\/\/www.mendoza.gov.ar\/prensa\/wp-json\/wp\/v2\/posts\/9709"}],"collection":[{"href":"https:\/\/www.mendoza.gov.ar\/prensa\/wp-json\/wp\/v2\/posts"}],"about":[{"href":"https:\/\/www.mendoza.gov.ar\/prensa\/wp-json\/wp\/v2\/types\/post"}],"author":[{"embeddable":true,"href":"https:\/\/www.mendoza.gov.ar\/prensa\/wp-json\/wp\/v2\/users\/3"}],"replies":[{"embeddable":true,"href":"https:\/\/www.mendoza.gov.ar\/prensa\/wp-json\/wp\/v2\/comments?post=9709"}],"version-history":[{"count":0,"href":"https:\/\/www.mendoza.gov.ar\/prensa\/wp-json\/wp\/v2\/posts\/9709\/revisions"}],"wp:attachment":[{"href":"https:\/\/www.mendoza.gov.ar\/prensa\/wp-json\/wp\/v2\/media?parent=9709"}],"wp:term":[{"taxonomy":"category","embeddable":true,"href":"https:\/\/www.mendoza.gov.ar\/prensa\/wp-json\/wp\/v2\/categories?post=9709"},{"taxonomy":"post_tag","embeddable":true,"href":"https:\/\/www.mendoza.gov.ar\/prensa\/wp-json\/wp\/v2\/tags?post=9709"}],"curies":[{"name":"wp","href":"https:\/\/api.w.org\/{rel}","templated":true}]}}