{"id":97337,"date":"2017-07-24T12:16:42","date_gmt":"2017-07-24T15:16:42","guid":{"rendered":"http:\/\/prensa.mendoza.gov.ar\/?p=97337"},"modified":"2017-07-24T12:16:42","modified_gmt":"2017-07-24T15:16:42","slug":"como-funcionaran-los-servicios-publicos-por-el-feriado-de-manana","status":"publish","type":"post","link":"https:\/\/www.mendoza.gov.ar\/prensa\/como-funcionaran-los-servicios-publicos-por-el-feriado-de-manana\/","title":{"rendered":"C\u00f3mo funcionar\u00e1n los servicios p\u00fablicos por el feriado"},"content":{"rendered":"<!DOCTYPE html PUBLIC \"-\/\/W3C\/\/DTD HTML 4.0 Transitional\/\/EN\" \"http:\/\/www.w3.org\/TR\/REC-html40\/loose.dtd\">\n<html><body><p>Hoy martes, feriado provincial por el Santo Patrono Santiago, se ver&aacute; resentida la atenci&oacute;n de los servicios p&uacute;blicos de agua, luz, transporte y emisi&oacute;n de licencias de conducir.<\/p>\n<p>El sistema de transporte p&uacute;blico regular, incluido metrotranv&iacute;a y Sociedad de Transporte Mendoza (STM) y los servicios de media y larga distancia circular&aacute;n con las frecuencias de un domingo.<\/p>\n<p>En tanto, EPRE y AYSAM s&oacute;lo brindar&aacute;n atenci&oacute;n por reclamos t&eacute;cnicos. En el primer caso, los usuarios pueden comunicarse al 0800 222 3773 y en el segundo, al 0810 777 2482.<\/p>\n<p><a href=\"https:\/\/www.mendoza.gov.ar\/prensa\/wp-content\/uploads\/sites\/23\/aysam1.jpg\"><img loading=\"lazy\" class=\"alignnone wp-image-97341 img-responsive center-block\" src=\"https:\/\/www.mendoza.gov.ar\/prensa\/wp-content\/uploads\/sites\/23\/aysam1.jpg\" alt=\"\" width=\"650\" height=\"488\"><\/a><\/p>\n<p>Los Centros de Emisi&oacute;n de Licencia Nacional de Conducir no abrir&aacute;n sus puertas, y retomar&aacute;n su actividad normal el mi&eacute;rcoles 26.<\/p>\n<p><a href=\"https:\/\/www.mendoza.gov.ar\/prensa\/wp-content\/uploads\/sites\/23\/DSC_14741.jpg\"><img loading=\"lazy\" class=\"alignnone wp-image-97340 img-responsive center-block\" src=\"https:\/\/www.mendoza.gov.ar\/prensa\/wp-content\/uploads\/sites\/23\/DSC_14741.jpg\" alt=\"\" width=\"650\" height=\"435\"><\/a><\/p>\n<\/body><\/html>\n","protected":false},"excerpt":{"rendered":"El transporte p\u00fablico circular\u00e1 con las frecuencias de un domingo. Los Centros de Emisi\u00f3n de Licencia de Conducir, al igual que EPRE y AYSAM, no abrir\u00e1n sus puertas para atenci\u00f3n al p\u00fablico. Para reclamos del servicio el\u00e9ctrico y tambi\u00e9n del sistema sanitario estar\u00e1n habilitadas l\u00edneas telef\u00f3nicas.","protected":false},"author":2,"featured_media":97339,"comment_status":"open","ping_status":"open","sticky":false,"template":"","format":"standard","meta":[],"categories":[34],"tags":[],"_links":{"self":[{"href":"https:\/\/www.mendoza.gov.ar\/prensa\/wp-json\/wp\/v2\/posts\/97337"}],"collection":[{"href":"https:\/\/www.mendoza.gov.ar\/prensa\/wp-json\/wp\/v2\/posts"}],"about":[{"href":"https:\/\/www.mendoza.gov.ar\/prensa\/wp-json\/wp\/v2\/types\/post"}],"author":[{"embeddable":true,"href":"https:\/\/www.mendoza.gov.ar\/prensa\/wp-json\/wp\/v2\/users\/2"}],"replies":[{"embeddable":true,"href":"https:\/\/www.mendoza.gov.ar\/prensa\/wp-json\/wp\/v2\/comments?post=97337"}],"version-history":[{"count":0,"href":"https:\/\/www.mendoza.gov.ar\/prensa\/wp-json\/wp\/v2\/posts\/97337\/revisions"}],"wp:featuredmedia":[{"embeddable":true,"href":"https:\/\/www.mendoza.gov.ar\/prensa\/wp-json\/wp\/v2\/media\/97339"}],"wp:attachment":[{"href":"https:\/\/www.mendoza.gov.ar\/prensa\/wp-json\/wp\/v2\/media?parent=97337"}],"wp:term":[{"taxonomy":"category","embeddable":true,"href":"https:\/\/www.mendoza.gov.ar\/prensa\/wp-json\/wp\/v2\/categories?post=97337"},{"taxonomy":"post_tag","embeddable":true,"href":"https:\/\/www.mendoza.gov.ar\/prensa\/wp-json\/wp\/v2\/tags?post=97337"}],"curies":[{"name":"wp","href":"https:\/\/api.w.org\/{rel}","templated":true}]}}