{"id":97428,"date":"2017-07-25T11:59:43","date_gmt":"2017-07-25T14:59:43","guid":{"rendered":"http:\/\/prensa.mendoza.gov.ar\/?p=97428"},"modified":"2017-07-25T11:59:43","modified_gmt":"2017-07-25T14:59:43","slug":"osep-recibe-a-obras-sociales-provinciales-de-argentina","status":"publish","type":"post","link":"https:\/\/www.mendoza.gov.ar\/prensa\/osep-recibe-a-obras-sociales-provinciales-de-argentina\/","title":{"rendered":"OSEP recibe a obras sociales provinciales de Argentina"},"content":{"rendered":"<!DOCTYPE html PUBLIC \"-\/\/W3C\/\/DTD HTML 4.0 Transitional\/\/EN\" \"http:\/\/www.w3.org\/TR\/REC-html40\/loose.dtd\">\n<html><body><div id=\"m_-426182997604921096yui_3_16_0_ym19_1_1500934699677_2978\"><\/div>\n<div id=\"m_-426182997604921096yui_3_16_0_ym19_1_1500934699677_2985\">El 27 y 28 de julio se realizar&aacute; en Mendoza el encuentro del Consejo de Obras y Servicios Sociales Provinciales de la Rep&uacute;blica Argentina (COSSPRA), donde se dar&aacute;n cita los referentes de todo el pa&iacute;s para continuar trabajando en las pol&iacute;ticas de seguridad social a todos los afiliados.<\/div>\n<div id=\"m_-426182997604921096yui_3_16_0_ym19_1_1500934699677_3084\"><\/div>\n<div id=\"m_-426182997604921096yui_3_16_0_ym19_1_1500934699677_3085\">En esta oportunidad, la Obra Social de Empleados P&uacute;blicos (OSEP) es la anfitriona y recibe a sus pares que est&aacute;n al frente de instituciones de salud p&uacute;blica en cada provincia. Con una poblaci&oacute;n de m&aacute;s de 7.200.000 afiliados, COSSPRA trabaja para desarrollar pol&iacute;ticas de atenci&oacute;n acordes con&nbsp;la realidad de este tipo de obras sociales e impulsa convenios que beneficien a todos.<\/div>\n<div><\/div>\n<div id=\"m_-426182997604921096yui_3_16_0_ym19_1_1500934699677_3119\">El encuentro convoca a los presidentes de cada organizaci&oacute;n y sus respectivos equipos t&eacute;cnicos para trabajar, en comisiones, los principales desaf&iacute;os que enfrentan las obras sociales. Entre ellos, la implementaci&oacute;n de nuevas tecnolog&iacute;as, el impacto de los altos costos en medicaci&oacute;n, la categorizaci&oacute;n de servicios de salud y la continuidad de afianzar la reciprocidad afiliatoria.&nbsp;Esto es la posibilidad de que los afiliados de una obra social determinada puedan recibir atenci&oacute;n m&eacute;dica, en caso de requerirla, en cualquier provincia del territorio nacional.<\/div>\n<div><\/div>\n<div id=\"m_-426182997604921096yui_3_16_0_ym19_1_1500934699677_3120\">El encuentro ser&aacute;&nbsp;en el Hotel de Potrerillos, con disertaciones de prestigiosos m&eacute;dicos que han participado en la confecci&oacute;n de pol&iacute;ticas de salud p&uacute;blica.<\/div>\n<div><\/div>\n<div id=\"m_-426182997604921096yui_3_16_0_ym19_1_1500934699677_3121\">Previo a comenzar el encuentro, el jueves 27, a las 10.30, Sergio Vergara, director de OSEP, junto a las autoridades de COSSPRA, realizar&aacute;n una conferencia de prensa en las dependencia de la obra social, en calle Salta 877, SUM 1, para brindar detalles sobre la importancia de este encuentro nacional.<\/div>\n<div><\/div>\n<div><a href=\"https:\/\/www.mendoza.gov.ar\/prensa\/wp-content\/uploads\/sites\/23\/Cosspra-2017.8.pdf\">Programa completo<\/a>.<\/div>\n<\/body><\/html>\n","protected":false},"excerpt":{"rendered":"Es por el encuentro del Consejo de Obras y Servicios Sociales Provinciales de la Rep\u00fablica Argentina, que alcanza los 7.200.000 afiliados. Trabajar\u00e1n sobre pol\u00edticas de seguridad social.","protected":false},"author":2,"featured_media":0,"comment_status":"open","ping_status":"open","sticky":false,"template":"","format":"standard","meta":[],"categories":[30],"tags":[],"_links":{"self":[{"href":"https:\/\/www.mendoza.gov.ar\/prensa\/wp-json\/wp\/v2\/posts\/97428"}],"collection":[{"href":"https:\/\/www.mendoza.gov.ar\/prensa\/wp-json\/wp\/v2\/posts"}],"about":[{"href":"https:\/\/www.mendoza.gov.ar\/prensa\/wp-json\/wp\/v2\/types\/post"}],"author":[{"embeddable":true,"href":"https:\/\/www.mendoza.gov.ar\/prensa\/wp-json\/wp\/v2\/users\/2"}],"replies":[{"embeddable":true,"href":"https:\/\/www.mendoza.gov.ar\/prensa\/wp-json\/wp\/v2\/comments?post=97428"}],"version-history":[{"count":0,"href":"https:\/\/www.mendoza.gov.ar\/prensa\/wp-json\/wp\/v2\/posts\/97428\/revisions"}],"wp:attachment":[{"href":"https:\/\/www.mendoza.gov.ar\/prensa\/wp-json\/wp\/v2\/media?parent=97428"}],"wp:term":[{"taxonomy":"category","embeddable":true,"href":"https:\/\/www.mendoza.gov.ar\/prensa\/wp-json\/wp\/v2\/categories?post=97428"},{"taxonomy":"post_tag","embeddable":true,"href":"https:\/\/www.mendoza.gov.ar\/prensa\/wp-json\/wp\/v2\/tags?post=97428"}],"curies":[{"name":"wp","href":"https:\/\/api.w.org\/{rel}","templated":true}]}}