{"id":9756,"date":"2012-05-15T00:00:00","date_gmt":"2012-05-15T00:00:00","guid":{"rendered":"http:\/\/prensa.wp2.mendoza.gov.ar\/?p=9756"},"modified":"2012-05-15T00:00:00","modified_gmt":"2012-05-15T00:00:00","slug":"realizaran-la-1ra-reunion-de-la-comision-del-consejo-provincial-de-ordenamiento-territorial","status":"publish","type":"post","link":"https:\/\/www.mendoza.gov.ar\/prensa\/realizaran-la-1ra-reunion-de-la-comision-del-consejo-provincial-de-ordenamiento-territorial\/","title":{"rendered":"Realizar\u00e1n la 1ra Reuni\u00f3n de la Comisi\u00f3n del Consejo Provincial de Ordenamiento Territorial"},"content":{"rendered":"<!DOCTYPE html PUBLIC \"-\/\/W3C\/\/DTD HTML 4.0 Transitional\/\/EN\" \"http:\/\/www.w3.org\/TR\/REC-html40\/loose.dtd\">\n<html><body><p>La Secretar&iacute;a de Ambiente y Desarrollo Sustentable realiza hoy a las 17 la 1ra Reuni&oacute;n de la Comisi&oacute;n de Municipios del Consejo Provincial de Ordenamiento Territorial, en el Sal&oacute;n Patricias Mendocinas, Cuarto Piso, cuerpo central de Casa de Gobierno, ubicado en la Calle Peltier 351, Ciudad.<\/p>\n<p>Los temas previstos a desarrollarse en la reuni&oacute;n son: presentaci&oacute;n de objetivos y metodolog&iacute;a de trabajo de la Comisi&oacute;n de Municipios del CPOT, ejemplificaci&oacute;n de zonificaciones municipales en la provincia de Mendoza y avances en el Sistema de Informaci&oacute;n Ambiental y Territorial.<\/p>\n<\/body><\/html>\n","protected":false},"excerpt":{"rendered":"La Secretar&iacute;a de Ambiente y Desarrollo Sustentable realiza hoy a las 17 la 1ra Reuni&oacute;n de la Comisi&oacute;n de Municipios del Consejo Provincial de Ordenamiento Territorial, en el Sal&oacute;n Patricias Mendocinas, Cuarto Piso, cuerpo central de Casa de Gobierno, ubicado en la Calle Peltier 351, Ciudad. Los temas previstos a desarrollarse en la reuni&oacute;n son:&#8230; <a class=\"view-article\" href=\"https:\/\/www.mendoza.gov.ar\/prensa\/realizaran-la-1ra-reunion-de-la-comision-del-consejo-provincial-de-ordenamiento-territorial\/\"><\/a>","protected":false},"author":3,"featured_media":0,"comment_status":"closed","ping_status":"open","sticky":false,"template":"","format":"standard","meta":[],"categories":[3],"tags":[],"_links":{"self":[{"href":"https:\/\/www.mendoza.gov.ar\/prensa\/wp-json\/wp\/v2\/posts\/9756"}],"collection":[{"href":"https:\/\/www.mendoza.gov.ar\/prensa\/wp-json\/wp\/v2\/posts"}],"about":[{"href":"https:\/\/www.mendoza.gov.ar\/prensa\/wp-json\/wp\/v2\/types\/post"}],"author":[{"embeddable":true,"href":"https:\/\/www.mendoza.gov.ar\/prensa\/wp-json\/wp\/v2\/users\/3"}],"replies":[{"embeddable":true,"href":"https:\/\/www.mendoza.gov.ar\/prensa\/wp-json\/wp\/v2\/comments?post=9756"}],"version-history":[{"count":0,"href":"https:\/\/www.mendoza.gov.ar\/prensa\/wp-json\/wp\/v2\/posts\/9756\/revisions"}],"wp:attachment":[{"href":"https:\/\/www.mendoza.gov.ar\/prensa\/wp-json\/wp\/v2\/media?parent=9756"}],"wp:term":[{"taxonomy":"category","embeddable":true,"href":"https:\/\/www.mendoza.gov.ar\/prensa\/wp-json\/wp\/v2\/categories?post=9756"},{"taxonomy":"post_tag","embeddable":true,"href":"https:\/\/www.mendoza.gov.ar\/prensa\/wp-json\/wp\/v2\/tags?post=9756"}],"curies":[{"name":"wp","href":"https:\/\/api.w.org\/{rel}","templated":true}]}}